{"id":50551,"date":"2026-08-30T19:09:02","date_gmt":"2026-08-30T22:09:02","guid":{"rendered":"http:\/\/fmdelpueblo.ar\/?p=50551"},"modified":"2026-08-30T19:09:02","modified_gmt":"2026-08-30T22:09:02","slug":"escandalo-en-la-uom-furlan-tenia-11-autos-para-uso-personal-y-tuvieron-que-intimarlo-para-que-los-devolviera","status":"publish","type":"post","link":"https:\/\/fmdelpueblo.ar\/?p=50551","title":{"rendered":"Esc\u00e1ndalo en la UOM: Furl\u00e1n ten\u00eda 11 autos para uso personal y tuvieron que intimarlo para que los devolviera"},"content":{"rendered":"<p>Uno de los veh\u00edculos lo utilizaba su hijo, que se negaba a devolverlo al sindicato.La Justicia avanza en la investigaci\u00f3n y hay sospechas sobre el rol de Soledad Calle, quien compr\u00f3 el departamento vecino al de Cristina.<\/p>","protected":false},"excerpt":{"rendered":"<p>Uno de los veh\u00edculos lo utilizaba su hijo, que se negaba a devolverlo al sindicato.La Justicia avanza en la investigaci\u00f3n y hay sospechas sobre el rol de Soledad Calle, quien compr\u00f3 el departamento vecino al de Cristina.<\/p>\n","protected":false},"author":0,"featured_media":0,"comment_status":"","ping_status":"","sticky":false,"template":"","format":"standard","meta":{"footnotes":""},"categories":[1],"tags":[],"class_list":["post-50551","post","type-post","status-publish","format-standard","has-post-thumbnail","hentry","category-sin-categoria"],"_links":{"self":[{"href":"https:\/\/fmdelpueblo.ar\/index.php?rest_route=\/wp\/v2\/posts\/50551","targetHints":{"allow":["GET"]}}],"collection":[{"href":"https:\/\/fmdelpueblo.ar\/index.php?rest_route=\/wp\/v2\/posts"}],"about":[{"href":"https:\/\/fmdelpueblo.ar\/index.php?rest_route=\/wp\/v2\/types\/post"}],"replies":[{"embeddable":true,"href":"https:\/\/fmdelpueblo.ar\/index.php?rest_route=%2Fwp%2Fv2%2Fcomments&post=50551"}],"version-history":[{"count":0,"href":"https:\/\/fmdelpueblo.ar\/index.php?rest_route=\/wp\/v2\/posts\/50551\/revisions"}],"wp:attachment":[{"href":"https:\/\/fmdelpueblo.ar\/index.php?rest_route=%2Fwp%2Fv2%2Fmedia&parent=50551"}],"wp:term":[{"taxonomy":"category","embeddable":true,"href":"https:\/\/fmdelpueblo.ar\/index.php?rest_route=%2Fwp%2Fv2%2Fcategories&post=50551"},{"taxonomy":"post_tag","embeddable":true,"href":"https:\/\/fmdelpueblo.ar\/index.php?rest_route=%2Fwp%2Fv2%2Ftags&post=50551"}],"curies":[{"name":"wp","href":"https:\/\/api.w.org\/{rel}","templated":true}]}}