{"id":50550,"date":"2026-08-30T19:09:01","date_gmt":"2026-08-30T22:09:01","guid":{"rendered":"http:\/\/fmdelpueblo.ar\/?p=50550"},"modified":"2026-08-30T19:09:01","modified_gmt":"2026-08-30T22:09:01","slug":"hernan-lacunza-insiste-con-su-candidatura-por-el-pro-quiere-una-paso-y-dijo-que-es-una-reaccion-de-casta-eliminarlas","status":"publish","type":"post","link":"https:\/\/fmdelpueblo.ar\/?p=50550","title":{"rendered":"Hern\u00e1n Lacunza insiste con su candidatura por el PRO, quiere una PASO y dijo que es \u00abuna reacci\u00f3n de casta\u00bb eliminarlas"},"content":{"rendered":"<p>El exministro de Econom\u00eda sostuvo que tiene \u00abla convicci\u00f3n\u00bb de postularse el pr\u00f3ximo a\u00f1o. Cuenta con el visto bueno de Macri.Mientras el PRO a\u00fan no define si acompa\u00f1ar\u00e1 al Gobierno en la eliminaci\u00f3n de la Primarias, el economista lanz\u00f3 una cr\u00edtica contra la idea de sacarlas.<\/p>","protected":false},"excerpt":{"rendered":"<p>El exministro de Econom\u00eda sostuvo que tiene \u00abla convicci\u00f3n\u00bb de postularse el pr\u00f3ximo a\u00f1o. Cuenta con el visto bueno de Macri.Mientras el PRO a\u00fan no define si acompa\u00f1ar\u00e1 al Gobierno en la eliminaci\u00f3n de la Primarias, el economista lanz\u00f3 una cr\u00edtica contra la idea de sacarlas.<\/p>\n","protected":false},"author":0,"featured_media":0,"comment_status":"","ping_status":"","sticky":false,"template":"","format":"standard","meta":{"footnotes":""},"categories":[1],"tags":[],"class_list":["post-50550","post","type-post","status-publish","format-standard","has-post-thumbnail","hentry","category-sin-categoria"],"_links":{"self":[{"href":"https:\/\/fmdelpueblo.ar\/index.php?rest_route=\/wp\/v2\/posts\/50550","targetHints":{"allow":["GET"]}}],"collection":[{"href":"https:\/\/fmdelpueblo.ar\/index.php?rest_route=\/wp\/v2\/posts"}],"about":[{"href":"https:\/\/fmdelpueblo.ar\/index.php?rest_route=\/wp\/v2\/types\/post"}],"replies":[{"embeddable":true,"href":"https:\/\/fmdelpueblo.ar\/index.php?rest_route=%2Fwp%2Fv2%2Fcomments&post=50550"}],"version-history":[{"count":0,"href":"https:\/\/fmdelpueblo.ar\/index.php?rest_route=\/wp\/v2\/posts\/50550\/revisions"}],"wp:attachment":[{"href":"https:\/\/fmdelpueblo.ar\/index.php?rest_route=%2Fwp%2Fv2%2Fmedia&parent=50550"}],"wp:term":[{"taxonomy":"category","embeddable":true,"href":"https:\/\/fmdelpueblo.ar\/index.php?rest_route=%2Fwp%2Fv2%2Fcategories&post=50550"},{"taxonomy":"post_tag","embeddable":true,"href":"https:\/\/fmdelpueblo.ar\/index.php?rest_route=%2Fwp%2Fv2%2Ftags&post=50550"}],"curies":[{"name":"wp","href":"https:\/\/api.w.org\/{rel}","templated":true}]}}