{"id":50546,"date":"2026-08-30T19:08:59","date_gmt":"2026-08-30T22:08:59","guid":{"rendered":"http:\/\/fmdelpueblo.ar\/?p=50546"},"modified":"2026-08-30T19:08:59","modified_gmt":"2026-08-30T22:08:59","slug":"la-mora-volvio-a-subir-en-julio-segun-datos-privados-las-familias-ya-refinanciaron-26-billones","status":"publish","type":"post","link":"https:\/\/fmdelpueblo.ar\/?p=50546","title":{"rendered":"La mora volvi\u00f3 a subir en julio seg\u00fan datos privados: las familias ya refinanciaron $2,6 billones"},"content":{"rendered":"<p>El atraso en el pago de cr\u00e9ditos a los hogares roz\u00f3 el 13% en los bancos y super\u00f3 el 33% en las entidades no financieras. Con las deudas que ya no se lic\u00faan por la inflaci\u00f3n, se activ\u00f3 una ola de reestructuraciones r\u00e9cord para intentar contener los impagos.<\/p>","protected":false},"excerpt":{"rendered":"<p>El atraso en el pago de cr\u00e9ditos a los hogares roz\u00f3 el 13% en los bancos y super\u00f3 el 33% en las entidades no financieras. Con las deudas que ya no se lic\u00faan por la inflaci\u00f3n, se activ\u00f3 una ola de reestructuraciones r\u00e9cord para intentar contener los impagos.<\/p>\n","protected":false},"author":0,"featured_media":0,"comment_status":"","ping_status":"","sticky":false,"template":"","format":"standard","meta":{"footnotes":""},"categories":[1],"tags":[],"class_list":["post-50546","post","type-post","status-publish","format-standard","has-post-thumbnail","hentry","category-sin-categoria"],"_links":{"self":[{"href":"https:\/\/fmdelpueblo.ar\/index.php?rest_route=\/wp\/v2\/posts\/50546","targetHints":{"allow":["GET"]}}],"collection":[{"href":"https:\/\/fmdelpueblo.ar\/index.php?rest_route=\/wp\/v2\/posts"}],"about":[{"href":"https:\/\/fmdelpueblo.ar\/index.php?rest_route=\/wp\/v2\/types\/post"}],"replies":[{"embeddable":true,"href":"https:\/\/fmdelpueblo.ar\/index.php?rest_route=%2Fwp%2Fv2%2Fcomments&post=50546"}],"version-history":[{"count":0,"href":"https:\/\/fmdelpueblo.ar\/index.php?rest_route=\/wp\/v2\/posts\/50546\/revisions"}],"wp:attachment":[{"href":"https:\/\/fmdelpueblo.ar\/index.php?rest_route=%2Fwp%2Fv2%2Fmedia&parent=50546"}],"wp:term":[{"taxonomy":"category","embeddable":true,"href":"https:\/\/fmdelpueblo.ar\/index.php?rest_route=%2Fwp%2Fv2%2Fcategories&post=50546"},{"taxonomy":"post_tag","embeddable":true,"href":"https:\/\/fmdelpueblo.ar\/index.php?rest_route=%2Fwp%2Fv2%2Ftags&post=50546"}],"curies":[{"name":"wp","href":"https:\/\/api.w.org\/{rel}","templated":true}]}}