{"id":50544,"date":"2026-08-30T18:09:08","date_gmt":"2026-08-30T21:09:08","guid":{"rendered":"http:\/\/fmdelpueblo.ar\/?p=50544"},"modified":"2026-08-30T18:09:08","modified_gmt":"2026-08-30T21:09:08","slug":"llega-otra-delegacion-del-vaticano-para-definir-como-sera-la-visita-del-papa-a-la-argentina","status":"publish","type":"post","link":"https:\/\/fmdelpueblo.ar\/?p=50544","title":{"rendered":"Llega otra delegaci\u00f3n del Vaticano para definir c\u00f3mo ser\u00e1 la visita del Papa a la Argentina"},"content":{"rendered":"<p>Esta semana recorrer\u00e1n los posibles lugares en los que estar\u00e1 Le\u00f3n XIV entre el 8 y el 11 de noviembre en el pa\u00eds.<\/p>","protected":false},"excerpt":{"rendered":"<p>Esta semana recorrer\u00e1n los posibles lugares en los que estar\u00e1 Le\u00f3n XIV entre el 8 y el 11 de noviembre en el pa\u00eds.<\/p>\n","protected":false},"author":0,"featured_media":0,"comment_status":"","ping_status":"","sticky":false,"template":"","format":"standard","meta":{"footnotes":""},"categories":[1],"tags":[],"class_list":["post-50544","post","type-post","status-publish","format-standard","has-post-thumbnail","hentry","category-sin-categoria"],"_links":{"self":[{"href":"https:\/\/fmdelpueblo.ar\/index.php?rest_route=\/wp\/v2\/posts\/50544","targetHints":{"allow":["GET"]}}],"collection":[{"href":"https:\/\/fmdelpueblo.ar\/index.php?rest_route=\/wp\/v2\/posts"}],"about":[{"href":"https:\/\/fmdelpueblo.ar\/index.php?rest_route=\/wp\/v2\/types\/post"}],"replies":[{"embeddable":true,"href":"https:\/\/fmdelpueblo.ar\/index.php?rest_route=%2Fwp%2Fv2%2Fcomments&post=50544"}],"version-history":[{"count":0,"href":"https:\/\/fmdelpueblo.ar\/index.php?rest_route=\/wp\/v2\/posts\/50544\/revisions"}],"wp:attachment":[{"href":"https:\/\/fmdelpueblo.ar\/index.php?rest_route=%2Fwp%2Fv2%2Fmedia&parent=50544"}],"wp:term":[{"taxonomy":"category","embeddable":true,"href":"https:\/\/fmdelpueblo.ar\/index.php?rest_route=%2Fwp%2Fv2%2Fcategories&post=50544"},{"taxonomy":"post_tag","embeddable":true,"href":"https:\/\/fmdelpueblo.ar\/index.php?rest_route=%2Fwp%2Fv2%2Ftags&post=50544"}],"curies":[{"name":"wp","href":"https:\/\/api.w.org\/{rel}","templated":true}]}}