{"id":50541,"date":"2026-08-30T18:09:06","date_gmt":"2026-08-30T21:09:06","guid":{"rendered":"http:\/\/fmdelpueblo.ar\/?p=50541"},"modified":"2026-08-30T18:09:06","modified_gmt":"2026-08-30T21:09:06","slug":"marcos-juarez-vota-el-6-de-setiembre-de-km-0-de-mauricio-macri-a-eleccion-vecinal-sin-visitas-ni-referencias-nacionales","status":"publish","type":"post","link":"https:\/\/fmdelpueblo.ar\/?p=50541","title":{"rendered":"Marcos Ju\u00e1rez vota el 6 de setiembre: de \u00abKm. 0\u00bb de Mauricio Macri a elecci\u00f3n vecinal, sin visitas ni referencias nacionales"},"content":{"rendered":"<p>La sucesi\u00f3n de la intendenta es la \u00fanica elecci\u00f3n ejecutiva del a\u00f1o en C\u00f3rdoba.No se juegan los sellos de la Libertad Avanza, del PRO ni del gobierno cordob\u00e9s del peronista Mart\u00edn Llaryora.<\/p>","protected":false},"excerpt":{"rendered":"<p>La sucesi\u00f3n de la intendenta es la \u00fanica elecci\u00f3n ejecutiva del a\u00f1o en C\u00f3rdoba.No se juegan los sellos de la Libertad Avanza, del PRO ni del gobierno cordob\u00e9s del peronista Mart\u00edn Llaryora.<\/p>\n","protected":false},"author":0,"featured_media":0,"comment_status":"","ping_status":"","sticky":false,"template":"","format":"standard","meta":{"footnotes":""},"categories":[1],"tags":[],"class_list":["post-50541","post","type-post","status-publish","format-standard","has-post-thumbnail","hentry","category-sin-categoria"],"_links":{"self":[{"href":"https:\/\/fmdelpueblo.ar\/index.php?rest_route=\/wp\/v2\/posts\/50541","targetHints":{"allow":["GET"]}}],"collection":[{"href":"https:\/\/fmdelpueblo.ar\/index.php?rest_route=\/wp\/v2\/posts"}],"about":[{"href":"https:\/\/fmdelpueblo.ar\/index.php?rest_route=\/wp\/v2\/types\/post"}],"replies":[{"embeddable":true,"href":"https:\/\/fmdelpueblo.ar\/index.php?rest_route=%2Fwp%2Fv2%2Fcomments&post=50541"}],"version-history":[{"count":0,"href":"https:\/\/fmdelpueblo.ar\/index.php?rest_route=\/wp\/v2\/posts\/50541\/revisions"}],"wp:attachment":[{"href":"https:\/\/fmdelpueblo.ar\/index.php?rest_route=%2Fwp%2Fv2%2Fmedia&parent=50541"}],"wp:term":[{"taxonomy":"category","embeddable":true,"href":"https:\/\/fmdelpueblo.ar\/index.php?rest_route=%2Fwp%2Fv2%2Fcategories&post=50541"},{"taxonomy":"post_tag","embeddable":true,"href":"https:\/\/fmdelpueblo.ar\/index.php?rest_route=%2Fwp%2Fv2%2Ftags&post=50541"}],"curies":[{"name":"wp","href":"https:\/\/api.w.org\/{rel}","templated":true}]}}