{"id":50540,"date":"2026-08-30T18:09:05","date_gmt":"2026-08-30T21:09:05","guid":{"rendered":"http:\/\/fmdelpueblo.ar\/?p=50540"},"modified":"2026-08-30T18:09:05","modified_gmt":"2026-08-30T21:09:05","slug":"filmo-las-torres-gemelas-aquella-manana-del-11-de-septiembre-de-2001-25-anos-despues-vio-por-fin-las-imagenes","status":"publish","type":"post","link":"https:\/\/fmdelpueblo.ar\/?p=50540","title":{"rendered":"Film\u00f3 las Torres Gemelas aquella ma\u00f1ana del 11 de septiembre de 2001: 25 a\u00f1os despu\u00e9s, vio por fin las im\u00e1genes"},"content":{"rendered":"<p>Una joven universitaria reci\u00e9n graduada film\u00f3 el ataque al World Trade Center desde la escalera de incendios de su departamento en el barrio de Chinatown de Nueva York. Durante muchos a\u00f1os evit\u00f3 ver la grabaci\u00f3n.<\/p>","protected":false},"excerpt":{"rendered":"<p>Una joven universitaria reci\u00e9n graduada film\u00f3 el ataque al World Trade Center desde la escalera de incendios de su departamento en el barrio de Chinatown de Nueva York. Durante muchos a\u00f1os evit\u00f3 ver la grabaci\u00f3n.<\/p>\n","protected":false},"author":0,"featured_media":0,"comment_status":"","ping_status":"","sticky":false,"template":"","format":"standard","meta":{"footnotes":""},"categories":[1],"tags":[],"class_list":["post-50540","post","type-post","status-publish","format-standard","has-post-thumbnail","hentry","category-sin-categoria"],"_links":{"self":[{"href":"https:\/\/fmdelpueblo.ar\/index.php?rest_route=\/wp\/v2\/posts\/50540","targetHints":{"allow":["GET"]}}],"collection":[{"href":"https:\/\/fmdelpueblo.ar\/index.php?rest_route=\/wp\/v2\/posts"}],"about":[{"href":"https:\/\/fmdelpueblo.ar\/index.php?rest_route=\/wp\/v2\/types\/post"}],"replies":[{"embeddable":true,"href":"https:\/\/fmdelpueblo.ar\/index.php?rest_route=%2Fwp%2Fv2%2Fcomments&post=50540"}],"version-history":[{"count":0,"href":"https:\/\/fmdelpueblo.ar\/index.php?rest_route=\/wp\/v2\/posts\/50540\/revisions"}],"wp:attachment":[{"href":"https:\/\/fmdelpueblo.ar\/index.php?rest_route=%2Fwp%2Fv2%2Fmedia&parent=50540"}],"wp:term":[{"taxonomy":"category","embeddable":true,"href":"https:\/\/fmdelpueblo.ar\/index.php?rest_route=%2Fwp%2Fv2%2Fcategories&post=50540"},{"taxonomy":"post_tag","embeddable":true,"href":"https:\/\/fmdelpueblo.ar\/index.php?rest_route=%2Fwp%2Fv2%2Ftags&post=50540"}],"curies":[{"name":"wp","href":"https:\/\/api.w.org\/{rel}","templated":true}]}}