{"id":50539,"date":"2026-08-30T18:09:05","date_gmt":"2026-08-30T21:09:05","guid":{"rendered":"http:\/\/fmdelpueblo.ar\/?p=50539"},"modified":"2026-08-30T18:09:05","modified_gmt":"2026-08-30T21:09:05","slug":"internas-por-la-comunicacion-crece-el-enojo-de-karina-con-ravier-y-evaluan-cambios-para-evitar-nuevas-polemicas","status":"publish","type":"post","link":"https:\/\/fmdelpueblo.ar\/?p=50539","title":{"rendered":"Internas por la comunicaci\u00f3n: crece el enojo de Karina con Ravier y eval\u00faan cambios para evitar nuevas pol\u00e9micas"},"content":{"rendered":"<p>La hermana del Presidente no quiere al vocero que reemplaz\u00f3 a Adorni, pero tiene el aval de Javier Milei. Para evitar nuevas pol\u00e9micas (como la que tuvo con el d\u00f3lar o el rol de Or\u00eda) podr\u00edan espaciar las conferencias de prensa e incluso mandar algunas al interior.<\/p>","protected":false},"excerpt":{"rendered":"<p>La hermana del Presidente no quiere al vocero que reemplaz\u00f3 a Adorni, pero tiene el aval de Javier Milei. Para evitar nuevas pol\u00e9micas (como la que tuvo con el d\u00f3lar o el rol de Or\u00eda) podr\u00edan espaciar las conferencias de prensa e incluso mandar algunas al interior.<\/p>\n","protected":false},"author":0,"featured_media":0,"comment_status":"","ping_status":"","sticky":false,"template":"","format":"standard","meta":{"footnotes":""},"categories":[1],"tags":[],"class_list":["post-50539","post","type-post","status-publish","format-standard","has-post-thumbnail","hentry","category-sin-categoria"],"_links":{"self":[{"href":"https:\/\/fmdelpueblo.ar\/index.php?rest_route=\/wp\/v2\/posts\/50539","targetHints":{"allow":["GET"]}}],"collection":[{"href":"https:\/\/fmdelpueblo.ar\/index.php?rest_route=\/wp\/v2\/posts"}],"about":[{"href":"https:\/\/fmdelpueblo.ar\/index.php?rest_route=\/wp\/v2\/types\/post"}],"replies":[{"embeddable":true,"href":"https:\/\/fmdelpueblo.ar\/index.php?rest_route=%2Fwp%2Fv2%2Fcomments&post=50539"}],"version-history":[{"count":0,"href":"https:\/\/fmdelpueblo.ar\/index.php?rest_route=\/wp\/v2\/posts\/50539\/revisions"}],"wp:attachment":[{"href":"https:\/\/fmdelpueblo.ar\/index.php?rest_route=%2Fwp%2Fv2%2Fmedia&parent=50539"}],"wp:term":[{"taxonomy":"category","embeddable":true,"href":"https:\/\/fmdelpueblo.ar\/index.php?rest_route=%2Fwp%2Fv2%2Fcategories&post=50539"},{"taxonomy":"post_tag","embeddable":true,"href":"https:\/\/fmdelpueblo.ar\/index.php?rest_route=%2Fwp%2Fv2%2Ftags&post=50539"}],"curies":[{"name":"wp","href":"https:\/\/api.w.org\/{rel}","templated":true}]}}