{"id":50431,"date":"2026-08-30T03:08:59","date_gmt":"2026-08-30T06:08:59","guid":{"rendered":"http:\/\/fmdelpueblo.ar\/?p=50431"},"modified":"2026-08-30T03:08:59","modified_gmt":"2026-08-30T06:08:59","slug":"eeuu-deporta-a-provocador-britanico-de-extrema-derecha-milo-yiannopoulos","status":"publish","type":"post","link":"https:\/\/fmdelpueblo.ar\/?p=50431","title":{"rendered":"EEUU deporta a provocador brit\u00e1nico de extrema derecha Milo Yiannopoulos"},"content":{"rendered":"<p>El comentarista brit\u00e1nico fue deportado de EE.UU. tras exceder su estancia legal. Un juez orden\u00f3 su expulsi\u00f3n por no asistir a una audiencia. Yiannopoulos, conocido por su apoyo a pol\u00edticas migratorias estrictas, fue arrestado en Nueva Orleans. No ha respondido a las acusaciones.<\/p>","protected":false},"excerpt":{"rendered":"<p>El comentarista brit\u00e1nico fue deportado de EE.UU. tras exceder su estancia legal. Un juez orden\u00f3 su expulsi\u00f3n por no asistir a una audiencia. Yiannopoulos, conocido por su apoyo a pol\u00edticas migratorias estrictas, fue arrestado en Nueva Orleans. No ha respondido a las acusaciones.<\/p>\n","protected":false},"author":0,"featured_media":0,"comment_status":"","ping_status":"","sticky":false,"template":"","format":"standard","meta":{"footnotes":""},"categories":[1],"tags":[],"class_list":["post-50431","post","type-post","status-publish","format-standard","has-post-thumbnail","hentry","category-sin-categoria"],"_links":{"self":[{"href":"https:\/\/fmdelpueblo.ar\/index.php?rest_route=\/wp\/v2\/posts\/50431","targetHints":{"allow":["GET"]}}],"collection":[{"href":"https:\/\/fmdelpueblo.ar\/index.php?rest_route=\/wp\/v2\/posts"}],"about":[{"href":"https:\/\/fmdelpueblo.ar\/index.php?rest_route=\/wp\/v2\/types\/post"}],"replies":[{"embeddable":true,"href":"https:\/\/fmdelpueblo.ar\/index.php?rest_route=%2Fwp%2Fv2%2Fcomments&post=50431"}],"version-history":[{"count":0,"href":"https:\/\/fmdelpueblo.ar\/index.php?rest_route=\/wp\/v2\/posts\/50431\/revisions"}],"wp:attachment":[{"href":"https:\/\/fmdelpueblo.ar\/index.php?rest_route=%2Fwp%2Fv2%2Fmedia&parent=50431"}],"wp:term":[{"taxonomy":"category","embeddable":true,"href":"https:\/\/fmdelpueblo.ar\/index.php?rest_route=%2Fwp%2Fv2%2Fcategories&post=50431"},{"taxonomy":"post_tag","embeddable":true,"href":"https:\/\/fmdelpueblo.ar\/index.php?rest_route=%2Fwp%2Fv2%2Ftags&post=50431"}],"curies":[{"name":"wp","href":"https:\/\/api.w.org\/{rel}","templated":true}]}}