{"id":50407,"date":"2026-08-30T01:09:01","date_gmt":"2026-08-30T04:09:01","guid":{"rendered":"https:\/\/fmdelpueblo.ar\/?p=50407"},"modified":"2026-08-30T01:09:01","modified_gmt":"2026-08-30T04:09:01","slug":"jesus-fernandez-profesor-de-enfermeria-sobre-la-melatonina-un-uso-excesivo-puede-producir-somnolencia-durante-el-dia-dolor-de-cabeza-o-una-reduccion-de-la-capacidad-de-atencion","status":"publish","type":"post","link":"https:\/\/fmdelpueblo.ar\/?p=50407","title":{"rendered":"Jes\u00fas Fern\u00e1ndez, profesor de enfermer\u00eda, sobre la melatonina: \u201cUn uso excesivo puede producir somnolencia durante el d\u00eda, dolor de cabeza o una reducci\u00f3n de la capacidad de atenci\u00f3n\u201d"},"content":{"rendered":"<p>Su apariencia de golosina puede hacer que parezcan inofensivas, pero las gominolas de melatonina act\u00faan sobre el reloj biol\u00f3gico y no funcionan igual independientemente de la dosis o del momento en que se toman.<\/p>","protected":false},"excerpt":{"rendered":"<p>Su apariencia de golosina puede hacer que parezcan inofensivas, pero las gominolas de melatonina act\u00faan sobre el reloj biol\u00f3gico y no funcionan igual independientemente de la dosis o del momento en que se toman.<\/p>\n","protected":false},"author":0,"featured_media":0,"comment_status":"","ping_status":"","sticky":false,"template":"","format":"standard","meta":{"footnotes":""},"categories":[1],"tags":[],"class_list":["post-50407","post","type-post","status-publish","format-standard","has-post-thumbnail","hentry","category-sin-categoria"],"_links":{"self":[{"href":"https:\/\/fmdelpueblo.ar\/index.php?rest_route=\/wp\/v2\/posts\/50407","targetHints":{"allow":["GET"]}}],"collection":[{"href":"https:\/\/fmdelpueblo.ar\/index.php?rest_route=\/wp\/v2\/posts"}],"about":[{"href":"https:\/\/fmdelpueblo.ar\/index.php?rest_route=\/wp\/v2\/types\/post"}],"replies":[{"embeddable":true,"href":"https:\/\/fmdelpueblo.ar\/index.php?rest_route=%2Fwp%2Fv2%2Fcomments&post=50407"}],"version-history":[{"count":0,"href":"https:\/\/fmdelpueblo.ar\/index.php?rest_route=\/wp\/v2\/posts\/50407\/revisions"}],"wp:attachment":[{"href":"https:\/\/fmdelpueblo.ar\/index.php?rest_route=%2Fwp%2Fv2%2Fmedia&parent=50407"}],"wp:term":[{"taxonomy":"category","embeddable":true,"href":"https:\/\/fmdelpueblo.ar\/index.php?rest_route=%2Fwp%2Fv2%2Fcategories&post=50407"},{"taxonomy":"post_tag","embeddable":true,"href":"https:\/\/fmdelpueblo.ar\/index.php?rest_route=%2Fwp%2Fv2%2Ftags&post=50407"}],"curies":[{"name":"wp","href":"https:\/\/api.w.org\/{rel}","templated":true}]}}