{"id":50369,"date":"2026-08-29T18:09:05","date_gmt":"2026-08-29T21:09:05","guid":{"rendered":"https:\/\/fmdelpueblo.ar\/?p=50369"},"modified":"2026-08-29T18:09:05","modified_gmt":"2026-08-29T21:09:05","slug":"peru-y-ee-uu-crean-un-consejo-bilateral-para-impulsar-cooperacion-en-el-ambito-espacial","status":"publish","type":"post","link":"https:\/\/fmdelpueblo.ar\/?p=50369","title":{"rendered":"Per\u00fa y EE.UU. crean un consejo bilateral para impulsar cooperaci\u00f3n en el \u00e1mbito espacial"},"content":{"rendered":"<p>Per\u00fa y EE.UU. establecen un consejo conjunto para fomentar la colaboraci\u00f3n en temas espaciales, integrando sectores p\u00fablicos y privados.La iniciativa busca potenciar la educaci\u00f3n y el talento en ciencias espaciales, aprovechando la experiencia estadounidense en el \u00e1mbito comercial.<\/p>","protected":false},"excerpt":{"rendered":"<p>Per\u00fa y EE.UU. establecen un consejo conjunto para fomentar la colaboraci\u00f3n en temas espaciales, integrando sectores p\u00fablicos y privados.La iniciativa busca potenciar la educaci\u00f3n y el talento en ciencias espaciales, aprovechando la experiencia estadounidense en el \u00e1mbito comercial.<\/p>\n","protected":false},"author":0,"featured_media":0,"comment_status":"","ping_status":"","sticky":false,"template":"","format":"standard","meta":{"footnotes":""},"categories":[1],"tags":[],"class_list":["post-50369","post","type-post","status-publish","format-standard","has-post-thumbnail","hentry","category-sin-categoria"],"_links":{"self":[{"href":"https:\/\/fmdelpueblo.ar\/index.php?rest_route=\/wp\/v2\/posts\/50369","targetHints":{"allow":["GET"]}}],"collection":[{"href":"https:\/\/fmdelpueblo.ar\/index.php?rest_route=\/wp\/v2\/posts"}],"about":[{"href":"https:\/\/fmdelpueblo.ar\/index.php?rest_route=\/wp\/v2\/types\/post"}],"replies":[{"embeddable":true,"href":"https:\/\/fmdelpueblo.ar\/index.php?rest_route=%2Fwp%2Fv2%2Fcomments&post=50369"}],"version-history":[{"count":0,"href":"https:\/\/fmdelpueblo.ar\/index.php?rest_route=\/wp\/v2\/posts\/50369\/revisions"}],"wp:attachment":[{"href":"https:\/\/fmdelpueblo.ar\/index.php?rest_route=%2Fwp%2Fv2%2Fmedia&parent=50369"}],"wp:term":[{"taxonomy":"category","embeddable":true,"href":"https:\/\/fmdelpueblo.ar\/index.php?rest_route=%2Fwp%2Fv2%2Fcategories&post=50369"},{"taxonomy":"post_tag","embeddable":true,"href":"https:\/\/fmdelpueblo.ar\/index.php?rest_route=%2Fwp%2Fv2%2Ftags&post=50369"}],"curies":[{"name":"wp","href":"https:\/\/api.w.org\/{rel}","templated":true}]}}