{"id":50367,"date":"2026-08-29T18:09:04","date_gmt":"2026-08-29T21:09:04","guid":{"rendered":"https:\/\/fmdelpueblo.ar\/?p=50367"},"modified":"2026-08-29T18:09:04","modified_gmt":"2026-08-29T21:09:04","slug":"el-senador-francisco-paoltroni-denuncio-persecucion-politica-en-formosa-y-el-cese-de-actividades-de-sus-empresas","status":"publish","type":"post","link":"https:\/\/fmdelpueblo.ar\/?p=50367","title":{"rendered":"El senador Francisco Paoltroni denunci\u00f3 persecuci\u00f3n pol\u00edtica en Formosa y el cese de actividades de sus empresas"},"content":{"rendered":"<p>Apunt\u00f3 contra el gobernador de Formosa, Gildo Insfr\u00e1n. El bloque de La Libertad Avanza en el Congreso sali\u00f3 a respaldarlo y  emiti\u00f3 un duro comunicado.  <\/p>","protected":false},"excerpt":{"rendered":"<p>Apunt\u00f3 contra el gobernador de Formosa, Gildo Insfr\u00e1n. El bloque de La Libertad Avanza en el Congreso sali\u00f3 a respaldarlo y emiti\u00f3 un duro comunicado.<\/p>\n","protected":false},"author":0,"featured_media":0,"comment_status":"","ping_status":"","sticky":false,"template":"","format":"standard","meta":{"footnotes":""},"categories":[1],"tags":[],"class_list":["post-50367","post","type-post","status-publish","format-standard","has-post-thumbnail","hentry","category-sin-categoria"],"_links":{"self":[{"href":"https:\/\/fmdelpueblo.ar\/index.php?rest_route=\/wp\/v2\/posts\/50367","targetHints":{"allow":["GET"]}}],"collection":[{"href":"https:\/\/fmdelpueblo.ar\/index.php?rest_route=\/wp\/v2\/posts"}],"about":[{"href":"https:\/\/fmdelpueblo.ar\/index.php?rest_route=\/wp\/v2\/types\/post"}],"replies":[{"embeddable":true,"href":"https:\/\/fmdelpueblo.ar\/index.php?rest_route=%2Fwp%2Fv2%2Fcomments&post=50367"}],"version-history":[{"count":0,"href":"https:\/\/fmdelpueblo.ar\/index.php?rest_route=\/wp\/v2\/posts\/50367\/revisions"}],"wp:attachment":[{"href":"https:\/\/fmdelpueblo.ar\/index.php?rest_route=%2Fwp%2Fv2%2Fmedia&parent=50367"}],"wp:term":[{"taxonomy":"category","embeddable":true,"href":"https:\/\/fmdelpueblo.ar\/index.php?rest_route=%2Fwp%2Fv2%2Fcategories&post=50367"},{"taxonomy":"post_tag","embeddable":true,"href":"https:\/\/fmdelpueblo.ar\/index.php?rest_route=%2Fwp%2Fv2%2Ftags&post=50367"}],"curies":[{"name":"wp","href":"https:\/\/api.w.org\/{rel}","templated":true}]}}