{"id":50357,"date":"2026-08-29T17:08:59","date_gmt":"2026-08-29T20:08:59","guid":{"rendered":"https:\/\/fmdelpueblo.ar\/?p=50357"},"modified":"2026-08-29T17:08:59","modified_gmt":"2026-08-29T20:08:59","slug":"mateo-valero-cortes-toda-tecnologia-clave-tiene-un-doble-uso-mal-empleada-hace-mucho-dano-pero-es-vital","status":"publish","type":"post","link":"https:\/\/fmdelpueblo.ar\/?p=50357","title":{"rendered":"Mateo Valero Cort\u00e9s: \u201cToda tecnolog\u00eda clave tiene un doble uso: mal empleada hace mucho da\u00f1o, pero es vital\u201d"},"content":{"rendered":"<p>Hay una alarmante falta de liderazgo de una clase pol\u00edtica dirigente que simplemente no entiende la gravedad estrat\u00e9gica que tiene la supercomputaci\u00f3n, sostiene en esta charla el especialista en telecomunicaci\u00f3n, de la Universidad Polit\u00e9cnica de Catalu\u00f1a.<\/p>","protected":false},"excerpt":{"rendered":"<p>Hay una alarmante falta de liderazgo de una clase pol\u00edtica dirigente que simplemente no entiende la gravedad estrat\u00e9gica que tiene la supercomputaci\u00f3n, sostiene en esta charla el especialista en telecomunicaci\u00f3n, de la Universidad Polit\u00e9cnica de Catalu\u00f1a.<\/p>\n","protected":false},"author":0,"featured_media":0,"comment_status":"","ping_status":"","sticky":false,"template":"","format":"standard","meta":{"footnotes":""},"categories":[1],"tags":[],"class_list":["post-50357","post","type-post","status-publish","format-standard","has-post-thumbnail","hentry","category-sin-categoria"],"_links":{"self":[{"href":"https:\/\/fmdelpueblo.ar\/index.php?rest_route=\/wp\/v2\/posts\/50357","targetHints":{"allow":["GET"]}}],"collection":[{"href":"https:\/\/fmdelpueblo.ar\/index.php?rest_route=\/wp\/v2\/posts"}],"about":[{"href":"https:\/\/fmdelpueblo.ar\/index.php?rest_route=\/wp\/v2\/types\/post"}],"replies":[{"embeddable":true,"href":"https:\/\/fmdelpueblo.ar\/index.php?rest_route=%2Fwp%2Fv2%2Fcomments&post=50357"}],"version-history":[{"count":0,"href":"https:\/\/fmdelpueblo.ar\/index.php?rest_route=\/wp\/v2\/posts\/50357\/revisions"}],"wp:attachment":[{"href":"https:\/\/fmdelpueblo.ar\/index.php?rest_route=%2Fwp%2Fv2%2Fmedia&parent=50357"}],"wp:term":[{"taxonomy":"category","embeddable":true,"href":"https:\/\/fmdelpueblo.ar\/index.php?rest_route=%2Fwp%2Fv2%2Fcategories&post=50357"},{"taxonomy":"post_tag","embeddable":true,"href":"https:\/\/fmdelpueblo.ar\/index.php?rest_route=%2Fwp%2Fv2%2Ftags&post=50357"}],"curies":[{"name":"wp","href":"https:\/\/api.w.org\/{rel}","templated":true}]}}