{"id":50354,"date":"2026-08-29T17:08:57","date_gmt":"2026-08-29T20:08:57","guid":{"rendered":"https:\/\/fmdelpueblo.ar\/?p=50354"},"modified":"2026-08-29T17:08:57","modified_gmt":"2026-08-29T20:08:57","slug":"el-deseperado-pedido-de-oracion-de-la-actriz-macarena-paz-por-la-salud-de-su-hija-de-4-anos","status":"publish","type":"post","link":"https:\/\/fmdelpueblo.ar\/?p=50354","title":{"rendered":"El deseperado pedido de oraci\u00f3n de la actriz Macarena Paz por la salud de su hija de 4 a\u00f1os"},"content":{"rendered":"<p>La peque\u00f1a naci\u00f3 con una patolog\u00eda gen\u00e9tica que no tiene cura.Junto a su pareja, la int\u00e9rprete difundi\u00f3 un mensaje de fe en las redes.<\/p>","protected":false},"excerpt":{"rendered":"<p>La peque\u00f1a naci\u00f3 con una patolog\u00eda gen\u00e9tica que no tiene cura.Junto a su pareja, la int\u00e9rprete difundi\u00f3 un mensaje de fe en las redes.<\/p>\n","protected":false},"author":0,"featured_media":0,"comment_status":"","ping_status":"","sticky":false,"template":"","format":"standard","meta":{"footnotes":""},"categories":[1],"tags":[],"class_list":["post-50354","post","type-post","status-publish","format-standard","has-post-thumbnail","hentry","category-sin-categoria"],"_links":{"self":[{"href":"https:\/\/fmdelpueblo.ar\/index.php?rest_route=\/wp\/v2\/posts\/50354","targetHints":{"allow":["GET"]}}],"collection":[{"href":"https:\/\/fmdelpueblo.ar\/index.php?rest_route=\/wp\/v2\/posts"}],"about":[{"href":"https:\/\/fmdelpueblo.ar\/index.php?rest_route=\/wp\/v2\/types\/post"}],"replies":[{"embeddable":true,"href":"https:\/\/fmdelpueblo.ar\/index.php?rest_route=%2Fwp%2Fv2%2Fcomments&post=50354"}],"version-history":[{"count":0,"href":"https:\/\/fmdelpueblo.ar\/index.php?rest_route=\/wp\/v2\/posts\/50354\/revisions"}],"wp:attachment":[{"href":"https:\/\/fmdelpueblo.ar\/index.php?rest_route=%2Fwp%2Fv2%2Fmedia&parent=50354"}],"wp:term":[{"taxonomy":"category","embeddable":true,"href":"https:\/\/fmdelpueblo.ar\/index.php?rest_route=%2Fwp%2Fv2%2Fcategories&post=50354"},{"taxonomy":"post_tag","embeddable":true,"href":"https:\/\/fmdelpueblo.ar\/index.php?rest_route=%2Fwp%2Fv2%2Ftags&post=50354"}],"curies":[{"name":"wp","href":"https:\/\/api.w.org\/{rel}","templated":true}]}}