{"id":50353,"date":"2026-08-29T17:08:56","date_gmt":"2026-08-29T20:08:56","guid":{"rendered":"https:\/\/fmdelpueblo.ar\/?p=50353"},"modified":"2026-08-29T17:08:56","modified_gmt":"2026-08-29T20:08:56","slug":"el-rigi-suma-inversiones-pero-todavia-no-alcanza-para-reemplazar-el-empleo-que-se-perdio-en-la-era-milei","status":"publish","type":"post","link":"https:\/\/fmdelpueblo.ar\/?p=50353","title":{"rendered":"El RIGI suma inversiones pero todav\u00eda no alcanza para reemplazar el empleo que se perdi\u00f3 en la era Milei"},"content":{"rendered":"<p>Los proyectos aprobados por el Gobierno no llegan a sumar el 30% de los puestos formales que cayeron.Los que est\u00e1n todav\u00eda en evaluaci\u00f3n alcanzan al equivalente del 67%.<\/p>","protected":false},"excerpt":{"rendered":"<p>Los proyectos aprobados por el Gobierno no llegan a sumar el 30% de los puestos formales que cayeron.Los que est\u00e1n todav\u00eda en evaluaci\u00f3n alcanzan al equivalente del 67%.<\/p>\n","protected":false},"author":0,"featured_media":0,"comment_status":"","ping_status":"","sticky":false,"template":"","format":"standard","meta":{"footnotes":""},"categories":[1],"tags":[],"class_list":["post-50353","post","type-post","status-publish","format-standard","has-post-thumbnail","hentry","category-sin-categoria"],"_links":{"self":[{"href":"https:\/\/fmdelpueblo.ar\/index.php?rest_route=\/wp\/v2\/posts\/50353","targetHints":{"allow":["GET"]}}],"collection":[{"href":"https:\/\/fmdelpueblo.ar\/index.php?rest_route=\/wp\/v2\/posts"}],"about":[{"href":"https:\/\/fmdelpueblo.ar\/index.php?rest_route=\/wp\/v2\/types\/post"}],"replies":[{"embeddable":true,"href":"https:\/\/fmdelpueblo.ar\/index.php?rest_route=%2Fwp%2Fv2%2Fcomments&post=50353"}],"version-history":[{"count":0,"href":"https:\/\/fmdelpueblo.ar\/index.php?rest_route=\/wp\/v2\/posts\/50353\/revisions"}],"wp:attachment":[{"href":"https:\/\/fmdelpueblo.ar\/index.php?rest_route=%2Fwp%2Fv2%2Fmedia&parent=50353"}],"wp:term":[{"taxonomy":"category","embeddable":true,"href":"https:\/\/fmdelpueblo.ar\/index.php?rest_route=%2Fwp%2Fv2%2Fcategories&post=50353"},{"taxonomy":"post_tag","embeddable":true,"href":"https:\/\/fmdelpueblo.ar\/index.php?rest_route=%2Fwp%2Fv2%2Ftags&post=50353"}],"curies":[{"name":"wp","href":"https:\/\/api.w.org\/{rel}","templated":true}]}}