{"id":50351,"date":"2026-08-29T17:08:55","date_gmt":"2026-08-29T20:08:55","guid":{"rendered":"https:\/\/fmdelpueblo.ar\/?p=50351"},"modified":"2026-08-29T17:08:55","modified_gmt":"2026-08-29T20:08:55","slug":"gobierno-trump-evalua-ceder-terreno-de-yosemite-a-una-empresa-privada-y-desata-protestas","status":"publish","type":"post","link":"https:\/\/fmdelpueblo.ar\/?p=50351","title":{"rendered":"Gobierno Trump eval\u00faa ceder terreno de Yosemite a una empresa privada y desata protestas"},"content":{"rendered":"<p>El gobierno de EE.UU. eval\u00faa un pol\u00e9mico proyecto para ceder parte de Yosemite a un desarrollador, generando cr\u00edticas de legisladores y ecologistas.La propuesta busca conectar un desarrollo privado con una ruta del parque, lo que ha sido calificado como un precedente peligroso por opositores.<\/p>","protected":false},"excerpt":{"rendered":"<p>El gobierno de EE.UU. eval\u00faa un pol\u00e9mico proyecto para ceder parte de Yosemite a un desarrollador, generando cr\u00edticas de legisladores y ecologistas.La propuesta busca conectar un desarrollo privado con una ruta del parque, lo que ha sido calificado como un precedente peligroso por opositores.<\/p>\n","protected":false},"author":0,"featured_media":0,"comment_status":"","ping_status":"","sticky":false,"template":"","format":"standard","meta":{"footnotes":""},"categories":[1],"tags":[],"class_list":["post-50351","post","type-post","status-publish","format-standard","has-post-thumbnail","hentry","category-sin-categoria"],"_links":{"self":[{"href":"https:\/\/fmdelpueblo.ar\/index.php?rest_route=\/wp\/v2\/posts\/50351","targetHints":{"allow":["GET"]}}],"collection":[{"href":"https:\/\/fmdelpueblo.ar\/index.php?rest_route=\/wp\/v2\/posts"}],"about":[{"href":"https:\/\/fmdelpueblo.ar\/index.php?rest_route=\/wp\/v2\/types\/post"}],"replies":[{"embeddable":true,"href":"https:\/\/fmdelpueblo.ar\/index.php?rest_route=%2Fwp%2Fv2%2Fcomments&post=50351"}],"version-history":[{"count":0,"href":"https:\/\/fmdelpueblo.ar\/index.php?rest_route=\/wp\/v2\/posts\/50351\/revisions"}],"wp:attachment":[{"href":"https:\/\/fmdelpueblo.ar\/index.php?rest_route=%2Fwp%2Fv2%2Fmedia&parent=50351"}],"wp:term":[{"taxonomy":"category","embeddable":true,"href":"https:\/\/fmdelpueblo.ar\/index.php?rest_route=%2Fwp%2Fv2%2Fcategories&post=50351"},{"taxonomy":"post_tag","embeddable":true,"href":"https:\/\/fmdelpueblo.ar\/index.php?rest_route=%2Fwp%2Fv2%2Ftags&post=50351"}],"curies":[{"name":"wp","href":"https:\/\/api.w.org\/{rel}","templated":true}]}}