{"id":9431,"date":"2022-03-03T04:11:08","date_gmt":"2022-03-03T04:11:08","guid":{"rendered":"http:\/\/fmdelpueblo.ar\/?p=9431"},"modified":"2022-03-03T04:11:08","modified_gmt":"2022-03-03T04:11:08","slug":"alberto-samid-apaga-el-fuego-con-nafta-para-terminar-con-las-violaciones-hay-que-abrir-los-prostibulos","status":"publish","type":"post","link":"http:\/\/fmdelpueblo.ar\/?p=9431","title":{"rendered":"Alberto Samid apaga el fuego con nafta: \u00abPara terminar con las violaciones hay que abrir los prost\u00edbulos\u00bb"},"content":{"rendered":"<\/p>\n<p>As\u00ed se refiri\u00f3 el \u00abRey de la Carne\u00bb al caso de la violaci\u00f3n grupal a una chica de 20 a\u00f1os en Palermo. Sus dichos generaron un fuerte rechazo en Twitter. <a href=\"https:\/\/www.perfil.com\/noticias\/actualidad\/alberto-samid-para-terminar-con-las-violaciones-hay-que-abrir-los-prostibulos.phtml\">Leer m\u00e1s<\/a><\/p>\n","protected":false},"excerpt":{"rendered":"<p>As\u00ed se refiri\u00f3 el \u00abRey de la Carne\u00bb al caso de la violaci\u00f3n grupal a una chica de 20 a\u00f1os en Palermo. Sus dichos generaron un fuerte rechazo en Twitter. Leer m\u00e1s<\/p>\n","protected":false},"author":0,"featured_media":0,"comment_status":"","ping_status":"","sticky":false,"template":"","format":"standard","meta":{"footnotes":""},"categories":[1],"tags":[],"class_list":["post-9431","post","type-post","status-publish","format-standard","hentry","category-sin-categoria"],"_links":{"self":[{"href":"http:\/\/fmdelpueblo.ar\/index.php?rest_route=\/wp\/v2\/posts\/9431","targetHints":{"allow":["GET"]}}],"collection":[{"href":"http:\/\/fmdelpueblo.ar\/index.php?rest_route=\/wp\/v2\/posts"}],"about":[{"href":"http:\/\/fmdelpueblo.ar\/index.php?rest_route=\/wp\/v2\/types\/post"}],"replies":[{"embeddable":true,"href":"http:\/\/fmdelpueblo.ar\/index.php?rest_route=%2Fwp%2Fv2%2Fcomments&post=9431"}],"version-history":[{"count":0,"href":"http:\/\/fmdelpueblo.ar\/index.php?rest_route=\/wp\/v2\/posts\/9431\/revisions"}],"wp:attachment":[{"href":"http:\/\/fmdelpueblo.ar\/index.php?rest_route=%2Fwp%2Fv2%2Fmedia&parent=9431"}],"wp:term":[{"taxonomy":"category","embeddable":true,"href":"http:\/\/fmdelpueblo.ar\/index.php?rest_route=%2Fwp%2Fv2%2Fcategories&post=9431"},{"taxonomy":"post_tag","embeddable":true,"href":"http:\/\/fmdelpueblo.ar\/index.php?rest_route=%2Fwp%2Fv2%2Ftags&post=9431"}],"curies":[{"name":"wp","href":"https:\/\/api.w.org\/{rel}","templated":true}]}}