{"id":9430,"date":"2022-03-03T04:11:08","date_gmt":"2022-03-03T04:11:08","guid":{"rendered":"http:\/\/fmdelpueblo.ar\/?p=9430"},"modified":"2022-03-03T04:11:08","modified_gmt":"2022-03-03T04:11:08","slug":"fuerte-cruce-entre-gerardo-morales-y-legisladores-del-pro-por-un-exabrupto-contra-manes","status":"publish","type":"post","link":"http:\/\/fmdelpueblo.ar\/?p=9430","title":{"rendered":"Fuerte cruce entre Gerardo Morales y legisladores del PRO por un exabrupto contra Manes"},"content":{"rendered":"<\/p>\n<p>El gobernador de Jujuy sali\u00f3 a bancar al neurocient\u00edfico que fue agraviado por un senador macrista al que le pidi\u00f3 que \u00abse rectifique\u00bb. Sin embargo, un diputado del PRO lo cruz\u00f3: \u00abSeamos serios\u00bb. <a href=\"https:\/\/www.perfil.com\/noticias\/politica\/fuerte-cruce-gerardo-morales-legisladores-pro-por-exabrupto-contra-facundo-manes.phtml\">Leer m\u00e1s<\/a><\/p>\n","protected":false},"excerpt":{"rendered":"<p>El gobernador de Jujuy sali\u00f3 a bancar al neurocient\u00edfico que fue agraviado por un senador macrista al que le pidi\u00f3 que \u00abse rectifique\u00bb. Sin embargo, un diputado del PRO lo cruz\u00f3: \u00abSeamos serios\u00bb. Leer m\u00e1s<\/p>\n","protected":false},"author":0,"featured_media":0,"comment_status":"","ping_status":"","sticky":false,"template":"","format":"standard","meta":{"footnotes":""},"categories":[1],"tags":[],"class_list":["post-9430","post","type-post","status-publish","format-standard","hentry","category-sin-categoria"],"_links":{"self":[{"href":"http:\/\/fmdelpueblo.ar\/index.php?rest_route=\/wp\/v2\/posts\/9430","targetHints":{"allow":["GET"]}}],"collection":[{"href":"http:\/\/fmdelpueblo.ar\/index.php?rest_route=\/wp\/v2\/posts"}],"about":[{"href":"http:\/\/fmdelpueblo.ar\/index.php?rest_route=\/wp\/v2\/types\/post"}],"replies":[{"embeddable":true,"href":"http:\/\/fmdelpueblo.ar\/index.php?rest_route=%2Fwp%2Fv2%2Fcomments&post=9430"}],"version-history":[{"count":0,"href":"http:\/\/fmdelpueblo.ar\/index.php?rest_route=\/wp\/v2\/posts\/9430\/revisions"}],"wp:attachment":[{"href":"http:\/\/fmdelpueblo.ar\/index.php?rest_route=%2Fwp%2Fv2%2Fmedia&parent=9430"}],"wp:term":[{"taxonomy":"category","embeddable":true,"href":"http:\/\/fmdelpueblo.ar\/index.php?rest_route=%2Fwp%2Fv2%2Fcategories&post=9430"},{"taxonomy":"post_tag","embeddable":true,"href":"http:\/\/fmdelpueblo.ar\/index.php?rest_route=%2Fwp%2Fv2%2Ftags&post=9430"}],"curies":[{"name":"wp","href":"https:\/\/api.w.org\/{rel}","templated":true}]}}