{"id":9422,"date":"2022-03-03T01:11:33","date_gmt":"2022-03-03T01:11:33","guid":{"rendered":"https:\/\/fmdelpueblo.ar\/?p=9422"},"modified":"2022-03-03T01:11:33","modified_gmt":"2022-03-03T01:11:33","slug":"eeuu-prohibio-los-vuelos-rusos-en-su-espacio-aereo-y-podran-ser-interceptados","status":"publish","type":"post","link":"http:\/\/fmdelpueblo.ar\/?p=9422","title":{"rendered":"EEUU prohibi\u00f3 los vuelos rusos en su espacio a\u00e9reo y podr\u00e1n ser interceptados"},"content":{"rendered":"<\/p>\n<p>Los aviones rusos no podr\u00e1n ingresar al espacio a\u00e9reo de Estados Unidos despu\u00e9s de las 9 p.m., hora de Washington, el mi\u00e9rcoles conforme a una prohibici\u00f3n de vuelo que el presidente Joe Biden anunci\u00f3 en su discurso sobre el estado de la Uni\u00f3n. <a href=\"https:\/\/www.perfil.com\/noticias\/bloomberg\/bc-eeuu-prohibe-vuelos-rusos-en-su-espacio-aereo-salvo-emergencias.phtml\">Leer m\u00e1s<\/a><\/p>\n","protected":false},"excerpt":{"rendered":"<p>Los aviones rusos no podr\u00e1n ingresar al espacio a\u00e9reo de Estados Unidos despu\u00e9s de las 9 p.m., hora de Washington, el mi\u00e9rcoles conforme a una prohibici\u00f3n de vuelo que el presidente Joe Biden anunci\u00f3 en su discurso sobre el estado de la Uni\u00f3n. Leer m\u00e1s<\/p>\n","protected":false},"author":0,"featured_media":0,"comment_status":"","ping_status":"","sticky":false,"template":"","format":"standard","meta":{"footnotes":""},"categories":[1],"tags":[],"class_list":["post-9422","post","type-post","status-publish","format-standard","hentry","category-sin-categoria"],"_links":{"self":[{"href":"http:\/\/fmdelpueblo.ar\/index.php?rest_route=\/wp\/v2\/posts\/9422","targetHints":{"allow":["GET"]}}],"collection":[{"href":"http:\/\/fmdelpueblo.ar\/index.php?rest_route=\/wp\/v2\/posts"}],"about":[{"href":"http:\/\/fmdelpueblo.ar\/index.php?rest_route=\/wp\/v2\/types\/post"}],"replies":[{"embeddable":true,"href":"http:\/\/fmdelpueblo.ar\/index.php?rest_route=%2Fwp%2Fv2%2Fcomments&post=9422"}],"version-history":[{"count":0,"href":"http:\/\/fmdelpueblo.ar\/index.php?rest_route=\/wp\/v2\/posts\/9422\/revisions"}],"wp:attachment":[{"href":"http:\/\/fmdelpueblo.ar\/index.php?rest_route=%2Fwp%2Fv2%2Fmedia&parent=9422"}],"wp:term":[{"taxonomy":"category","embeddable":true,"href":"http:\/\/fmdelpueblo.ar\/index.php?rest_route=%2Fwp%2Fv2%2Fcategories&post=9422"},{"taxonomy":"post_tag","embeddable":true,"href":"http:\/\/fmdelpueblo.ar\/index.php?rest_route=%2Fwp%2Fv2%2Ftags&post=9422"}],"curies":[{"name":"wp","href":"https:\/\/api.w.org\/{rel}","templated":true}]}}