{"id":9421,"date":"2022-03-03T01:11:33","date_gmt":"2022-03-03T01:11:33","guid":{"rendered":"https:\/\/fmdelpueblo.ar\/?p=9421"},"modified":"2022-03-03T01:11:33","modified_gmt":"2022-03-03T01:11:33","slug":"la-invasion-rusa-obliga-a-la-otan-a-redisenar-sus-acuerdos-de-seguridad","status":"publish","type":"post","link":"http:\/\/fmdelpueblo.ar\/?p=9421","title":{"rendered":"La invasi\u00f3n rusa obliga a la OTAN a redise\u00f1ar sus acuerdos de seguridad"},"content":{"rendered":"<\/p>\n<p>La invasi\u00f3n rusa de Ucrania est\u00e1 obligando a Europa a redise\u00f1ar r\u00e1pidamente los acuerdos de seguridad que sustentaron la paz en el continente durante d\u00e9cadas. <a href=\"https:\/\/www.perfil.com\/noticias\/bloomberg\/bc-invasion-rusa-obliga-a-otan-a-redisenar-acuerdos-de-seguridad.phtml\">Leer m\u00e1s<\/a><\/p>\n","protected":false},"excerpt":{"rendered":"<p>La invasi\u00f3n rusa de Ucrania est\u00e1 obligando a Europa a redise\u00f1ar r\u00e1pidamente los acuerdos de seguridad que sustentaron la paz en el continente durante d\u00e9cadas. Leer m\u00e1s<\/p>\n","protected":false},"author":0,"featured_media":0,"comment_status":"","ping_status":"","sticky":false,"template":"","format":"standard","meta":{"footnotes":""},"categories":[1],"tags":[],"class_list":["post-9421","post","type-post","status-publish","format-standard","hentry","category-sin-categoria"],"_links":{"self":[{"href":"http:\/\/fmdelpueblo.ar\/index.php?rest_route=\/wp\/v2\/posts\/9421","targetHints":{"allow":["GET"]}}],"collection":[{"href":"http:\/\/fmdelpueblo.ar\/index.php?rest_route=\/wp\/v2\/posts"}],"about":[{"href":"http:\/\/fmdelpueblo.ar\/index.php?rest_route=\/wp\/v2\/types\/post"}],"replies":[{"embeddable":true,"href":"http:\/\/fmdelpueblo.ar\/index.php?rest_route=%2Fwp%2Fv2%2Fcomments&post=9421"}],"version-history":[{"count":0,"href":"http:\/\/fmdelpueblo.ar\/index.php?rest_route=\/wp\/v2\/posts\/9421\/revisions"}],"wp:attachment":[{"href":"http:\/\/fmdelpueblo.ar\/index.php?rest_route=%2Fwp%2Fv2%2Fmedia&parent=9421"}],"wp:term":[{"taxonomy":"category","embeddable":true,"href":"http:\/\/fmdelpueblo.ar\/index.php?rest_route=%2Fwp%2Fv2%2Fcategories&post=9421"},{"taxonomy":"post_tag","embeddable":true,"href":"http:\/\/fmdelpueblo.ar\/index.php?rest_route=%2Fwp%2Fv2%2Ftags&post=9421"}],"curies":[{"name":"wp","href":"https:\/\/api.w.org\/{rel}","templated":true}]}}