{"id":9420,"date":"2022-03-03T01:11:33","date_gmt":"2022-03-03T01:11:33","guid":{"rendered":"https:\/\/fmdelpueblo.ar\/?p=9420"},"modified":"2022-03-03T01:11:33","modified_gmt":"2022-03-03T01:11:33","slug":"julian-dominguez-no-habra-cierre-de-exportaciones-ni-aumentaran-las-retenciones","status":"publish","type":"post","link":"http:\/\/fmdelpueblo.ar\/?p=9420","title":{"rendered":"Juli\u00e1n Dom\u00ednguez: \u00abNo habr\u00e1 cierre de exportaciones ni aumentar\u00e1n las retenciones\u00bb"},"content":{"rendered":"<\/p>\n<p>El ministro de Agricultura, Ganader\u00eda y Pesca afirm\u00f3 que en su gesti\u00f3n se busca alcanzar el mill\u00f3n de toneladas exportadas. <a href=\"https:\/\/www.perfil.com\/noticias\/economia\/julian-dominguez-no-habra-cierre-de-exportaciones-ni-aumentaran-las-retenciones.phtml\">Leer m\u00e1s<\/a><\/p>\n","protected":false},"excerpt":{"rendered":"<p>El ministro de Agricultura, Ganader\u00eda y Pesca afirm\u00f3 que en su gesti\u00f3n se busca alcanzar el mill\u00f3n de toneladas exportadas. Leer m\u00e1s<\/p>\n","protected":false},"author":0,"featured_media":0,"comment_status":"","ping_status":"","sticky":false,"template":"","format":"standard","meta":{"footnotes":""},"categories":[1],"tags":[],"class_list":["post-9420","post","type-post","status-publish","format-standard","hentry","category-sin-categoria"],"_links":{"self":[{"href":"http:\/\/fmdelpueblo.ar\/index.php?rest_route=\/wp\/v2\/posts\/9420","targetHints":{"allow":["GET"]}}],"collection":[{"href":"http:\/\/fmdelpueblo.ar\/index.php?rest_route=\/wp\/v2\/posts"}],"about":[{"href":"http:\/\/fmdelpueblo.ar\/index.php?rest_route=\/wp\/v2\/types\/post"}],"replies":[{"embeddable":true,"href":"http:\/\/fmdelpueblo.ar\/index.php?rest_route=%2Fwp%2Fv2%2Fcomments&post=9420"}],"version-history":[{"count":0,"href":"http:\/\/fmdelpueblo.ar\/index.php?rest_route=\/wp\/v2\/posts\/9420\/revisions"}],"wp:attachment":[{"href":"http:\/\/fmdelpueblo.ar\/index.php?rest_route=%2Fwp%2Fv2%2Fmedia&parent=9420"}],"wp:term":[{"taxonomy":"category","embeddable":true,"href":"http:\/\/fmdelpueblo.ar\/index.php?rest_route=%2Fwp%2Fv2%2Fcategories&post=9420"},{"taxonomy":"post_tag","embeddable":true,"href":"http:\/\/fmdelpueblo.ar\/index.php?rest_route=%2Fwp%2Fv2%2Ftags&post=9420"}],"curies":[{"name":"wp","href":"https:\/\/api.w.org\/{rel}","templated":true}]}}