{"id":9415,"date":"2022-03-03T00:09:37","date_gmt":"2022-03-03T00:09:37","guid":{"rendered":"https:\/\/fmdelpueblo.ar\/?p=9415"},"modified":"2022-03-03T00:09:37","modified_gmt":"2022-03-03T00:09:37","slug":"diagnostico-de-las-enfermedades-poco-frecuentes","status":"publish","type":"post","link":"http:\/\/fmdelpueblo.ar\/?p=9415","title":{"rendered":"Diagn\u00f3stico de las enfermedades poco frecuentes"},"content":{"rendered":"<\/p>\n<p>Las enfermedades poco frecuentes son enfermedades pedi\u00e1tricas. El gran problema es que los pediatras es que nos bajan modelos del adulto para resolver patolog\u00edas de la ni\u00f1ez. La importancia del abordaje integral y la prevenci\u00f3n primaria. <a href=\"https:\/\/www.perfil.com\/noticias\/opinion\/diagnostico-de-las-enfermedades-poco-frecuentes.phtml\">Leer m\u00e1s<\/a><\/p>\n","protected":false},"excerpt":{"rendered":"<p>Las enfermedades poco frecuentes son enfermedades pedi\u00e1tricas. El gran problema es que los pediatras es que nos bajan modelos del adulto para resolver patolog\u00edas de la ni\u00f1ez. La importancia del abordaje integral y la prevenci\u00f3n primaria. Leer m\u00e1s<\/p>\n","protected":false},"author":0,"featured_media":0,"comment_status":"","ping_status":"","sticky":false,"template":"","format":"standard","meta":{"footnotes":""},"categories":[1],"tags":[],"class_list":["post-9415","post","type-post","status-publish","format-standard","hentry","category-sin-categoria"],"_links":{"self":[{"href":"http:\/\/fmdelpueblo.ar\/index.php?rest_route=\/wp\/v2\/posts\/9415","targetHints":{"allow":["GET"]}}],"collection":[{"href":"http:\/\/fmdelpueblo.ar\/index.php?rest_route=\/wp\/v2\/posts"}],"about":[{"href":"http:\/\/fmdelpueblo.ar\/index.php?rest_route=\/wp\/v2\/types\/post"}],"replies":[{"embeddable":true,"href":"http:\/\/fmdelpueblo.ar\/index.php?rest_route=%2Fwp%2Fv2%2Fcomments&post=9415"}],"version-history":[{"count":0,"href":"http:\/\/fmdelpueblo.ar\/index.php?rest_route=\/wp\/v2\/posts\/9415\/revisions"}],"wp:attachment":[{"href":"http:\/\/fmdelpueblo.ar\/index.php?rest_route=%2Fwp%2Fv2%2Fmedia&parent=9415"}],"wp:term":[{"taxonomy":"category","embeddable":true,"href":"http:\/\/fmdelpueblo.ar\/index.php?rest_route=%2Fwp%2Fv2%2Fcategories&post=9415"},{"taxonomy":"post_tag","embeddable":true,"href":"http:\/\/fmdelpueblo.ar\/index.php?rest_route=%2Fwp%2Fv2%2Ftags&post=9415"}],"curies":[{"name":"wp","href":"https:\/\/api.w.org\/{rel}","templated":true}]}}