{"id":9414,"date":"2022-03-03T00:09:37","date_gmt":"2022-03-03T00:09:37","guid":{"rendered":"https:\/\/fmdelpueblo.ar\/?p=9414"},"modified":"2022-03-03T00:09:37","modified_gmt":"2022-03-03T00:09:37","slug":"el-gobierno-convoco-al-consejo-del-salario-cuanto-aumentaria-el-haber-minimo","status":"publish","type":"post","link":"http:\/\/fmdelpueblo.ar\/?p=9414","title":{"rendered":"El Gobierno convoc\u00f3 al Consejo del Salario: cu\u00e1nto aumentar\u00eda el haber m\u00ednimo"},"content":{"rendered":"<\/p>\n<p>La reuni\u00f3n se realizar\u00e1 el 16 de marzo de manera virtual. El salario m\u00ednimo actualmente es de $33.000. <a href=\"https:\/\/www.perfil.com\/noticias\/economia\/el-gobierno-convoco-a-consejo-del-salario-cuanto-aumentaria-el-haber-minimo.phtml\">Leer m\u00e1s<\/a><\/p>\n","protected":false},"excerpt":{"rendered":"<p>La reuni\u00f3n se realizar\u00e1 el 16 de marzo de manera virtual. El salario m\u00ednimo actualmente es de $33.000. Leer m\u00e1s<\/p>\n","protected":false},"author":0,"featured_media":0,"comment_status":"","ping_status":"","sticky":false,"template":"","format":"standard","meta":{"footnotes":""},"categories":[1],"tags":[],"class_list":["post-9414","post","type-post","status-publish","format-standard","hentry","category-sin-categoria"],"_links":{"self":[{"href":"http:\/\/fmdelpueblo.ar\/index.php?rest_route=\/wp\/v2\/posts\/9414","targetHints":{"allow":["GET"]}}],"collection":[{"href":"http:\/\/fmdelpueblo.ar\/index.php?rest_route=\/wp\/v2\/posts"}],"about":[{"href":"http:\/\/fmdelpueblo.ar\/index.php?rest_route=\/wp\/v2\/types\/post"}],"replies":[{"embeddable":true,"href":"http:\/\/fmdelpueblo.ar\/index.php?rest_route=%2Fwp%2Fv2%2Fcomments&post=9414"}],"version-history":[{"count":0,"href":"http:\/\/fmdelpueblo.ar\/index.php?rest_route=\/wp\/v2\/posts\/9414\/revisions"}],"wp:attachment":[{"href":"http:\/\/fmdelpueblo.ar\/index.php?rest_route=%2Fwp%2Fv2%2Fmedia&parent=9414"}],"wp:term":[{"taxonomy":"category","embeddable":true,"href":"http:\/\/fmdelpueblo.ar\/index.php?rest_route=%2Fwp%2Fv2%2Fcategories&post=9414"},{"taxonomy":"post_tag","embeddable":true,"href":"http:\/\/fmdelpueblo.ar\/index.php?rest_route=%2Fwp%2Fv2%2Ftags&post=9414"}],"curies":[{"name":"wp","href":"https:\/\/api.w.org\/{rel}","templated":true}]}}