{"id":9412,"date":"2022-03-02T23:11:10","date_gmt":"2022-03-02T23:11:10","guid":{"rendered":"https:\/\/fmdelpueblo.ar\/?p=9412"},"modified":"2022-03-02T23:11:10","modified_gmt":"2022-03-02T23:11:10","slug":"debate-los-violadores-son-animales","status":"publish","type":"post","link":"http:\/\/fmdelpueblo.ar\/?p=9412","title":{"rendered":"Debate: \u00bflos violadores son animales?"},"content":{"rendered":"<\/p>\n<p>En oposici\u00f3n a lo dicho por la ministra de Mujeres, G\u00e9neros y Diversidad, la doctora. Elizabeth G\u00f3mez Alcorta, un especialista en comportamiento animal humano sostiene que el violador responde a una conducta animal y que el tratamiento del problema no puede limitarse a una respuesta cultural. Le respondi\u00f3 en redes.<br \/>\n <a href=\"https:\/\/www.perfil.com\/noticias\/actualidad\/debate-los-violadores-son-animales.phtml\">Leer m\u00e1s<\/a><\/p>\n","protected":false},"excerpt":{"rendered":"<p>En oposici\u00f3n a lo dicho por la ministra de Mujeres, G\u00e9neros y Diversidad, la doctora. Elizabeth G\u00f3mez Alcorta, un especialista en comportamiento animal humano sostiene que el violador responde a una conducta animal y que el tratamiento del problema no puede limitarse a una respuesta cultural. Le respondi\u00f3 en redes. Leer m\u00e1s<\/p>\n","protected":false},"author":0,"featured_media":0,"comment_status":"","ping_status":"","sticky":false,"template":"","format":"standard","meta":{"footnotes":""},"categories":[1],"tags":[],"class_list":["post-9412","post","type-post","status-publish","format-standard","hentry","category-sin-categoria"],"_links":{"self":[{"href":"http:\/\/fmdelpueblo.ar\/index.php?rest_route=\/wp\/v2\/posts\/9412","targetHints":{"allow":["GET"]}}],"collection":[{"href":"http:\/\/fmdelpueblo.ar\/index.php?rest_route=\/wp\/v2\/posts"}],"about":[{"href":"http:\/\/fmdelpueblo.ar\/index.php?rest_route=\/wp\/v2\/types\/post"}],"replies":[{"embeddable":true,"href":"http:\/\/fmdelpueblo.ar\/index.php?rest_route=%2Fwp%2Fv2%2Fcomments&post=9412"}],"version-history":[{"count":0,"href":"http:\/\/fmdelpueblo.ar\/index.php?rest_route=\/wp\/v2\/posts\/9412\/revisions"}],"wp:attachment":[{"href":"http:\/\/fmdelpueblo.ar\/index.php?rest_route=%2Fwp%2Fv2%2Fmedia&parent=9412"}],"wp:term":[{"taxonomy":"category","embeddable":true,"href":"http:\/\/fmdelpueblo.ar\/index.php?rest_route=%2Fwp%2Fv2%2Fcategories&post=9412"},{"taxonomy":"post_tag","embeddable":true,"href":"http:\/\/fmdelpueblo.ar\/index.php?rest_route=%2Fwp%2Fv2%2Ftags&post=9412"}],"curies":[{"name":"wp","href":"https:\/\/api.w.org\/{rel}","templated":true}]}}