{"id":9406,"date":"2022-03-02T22:09:38","date_gmt":"2022-03-02T22:09:38","guid":{"rendered":"https:\/\/fmdelpueblo.ar\/?p=9406"},"modified":"2022-03-02T22:09:38","modified_gmt":"2022-03-02T22:09:38","slug":"un-nuevo-ataque-homofobico-en-la-noche-portena-genero-el-repudio-de-la-comunidad-lgbtiq","status":"publish","type":"post","link":"http:\/\/fmdelpueblo.ar\/?p=9406","title":{"rendered":"Un nuevo ataque homof\u00f3bico en la noche porte\u00f1a gener\u00f3 el repudio de la comunidad LGBTIQ"},"content":{"rendered":"<\/p>\n<p>Cerca de las cuatro de la ma\u00f1ana del martes un grupo de j\u00f3venes atac\u00f3 con gas pimienta a las personas que participaban de una fiesta. Los organizadores piden a las personas que estaban que les acerquen las im\u00e1genes que hayan capturado para investigar. <a href=\"https:\/\/www.perfil.com\/noticias\/sociedad\/un-nuevo-ataque-homofobico-en-la-ciudad-genero-el-repudio-de-la-comunidad-lgbtiq.phtml\">Leer m\u00e1s<\/a><\/p>\n","protected":false},"excerpt":{"rendered":"<p>Cerca de las cuatro de la ma\u00f1ana del martes un grupo de j\u00f3venes atac\u00f3 con gas pimienta a las personas que participaban de una fiesta. Los organizadores piden a las personas que estaban que les acerquen las im\u00e1genes que hayan capturado para investigar. Leer m\u00e1s<\/p>\n","protected":false},"author":0,"featured_media":0,"comment_status":"","ping_status":"","sticky":false,"template":"","format":"standard","meta":{"footnotes":""},"categories":[1],"tags":[],"class_list":["post-9406","post","type-post","status-publish","format-standard","hentry","category-sin-categoria"],"_links":{"self":[{"href":"http:\/\/fmdelpueblo.ar\/index.php?rest_route=\/wp\/v2\/posts\/9406","targetHints":{"allow":["GET"]}}],"collection":[{"href":"http:\/\/fmdelpueblo.ar\/index.php?rest_route=\/wp\/v2\/posts"}],"about":[{"href":"http:\/\/fmdelpueblo.ar\/index.php?rest_route=\/wp\/v2\/types\/post"}],"replies":[{"embeddable":true,"href":"http:\/\/fmdelpueblo.ar\/index.php?rest_route=%2Fwp%2Fv2%2Fcomments&post=9406"}],"version-history":[{"count":0,"href":"http:\/\/fmdelpueblo.ar\/index.php?rest_route=\/wp\/v2\/posts\/9406\/revisions"}],"wp:attachment":[{"href":"http:\/\/fmdelpueblo.ar\/index.php?rest_route=%2Fwp%2Fv2%2Fmedia&parent=9406"}],"wp:term":[{"taxonomy":"category","embeddable":true,"href":"http:\/\/fmdelpueblo.ar\/index.php?rest_route=%2Fwp%2Fv2%2Fcategories&post=9406"},{"taxonomy":"post_tag","embeddable":true,"href":"http:\/\/fmdelpueblo.ar\/index.php?rest_route=%2Fwp%2Fv2%2Ftags&post=9406"}],"curies":[{"name":"wp","href":"https:\/\/api.w.org\/{rel}","templated":true}]}}