{"id":9394,"date":"2022-03-02T20:08:56","date_gmt":"2022-03-02T20:08:56","guid":{"rendered":"https:\/\/fmdelpueblo.ar\/?p=9394"},"modified":"2022-03-02T20:08:56","modified_gmt":"2022-03-02T20:08:56","slug":"ucrania-por-la-invasion-cientos-de-mujeres-dieron-a-luz-en-refugios-y-lugares-improvisados","status":"publish","type":"post","link":"http:\/\/fmdelpueblo.ar\/?p=9394","title":{"rendered":"Ucrania: por la invasi\u00f3n, cientos de mujeres dieron a luz en refugios y lugares improvisados"},"content":{"rendered":"<\/p>\n<p>Al menos 81 mujeres parieron el \u00faltimo s\u00e1bado en condiciones insalubres, seg\u00fan inform\u00f3 Fondo de Poblaci\u00f3n de las Naciones Unidas en Ucrania. <a href=\"https:\/\/www.perfil.com\/noticias\/internacional\/ucrania-por-la-invasion-cientos-de-mujeres-dieron-a-luz-en-refugios-y-lugares-improvisados.phtml\">Leer m\u00e1s<\/a><\/p>\n","protected":false},"excerpt":{"rendered":"<p>Al menos 81 mujeres parieron el \u00faltimo s\u00e1bado en condiciones insalubres, seg\u00fan inform\u00f3 Fondo de Poblaci\u00f3n de las Naciones Unidas en Ucrania. Leer m\u00e1s<\/p>\n","protected":false},"author":0,"featured_media":0,"comment_status":"","ping_status":"","sticky":false,"template":"","format":"standard","meta":{"footnotes":""},"categories":[1],"tags":[],"class_list":["post-9394","post","type-post","status-publish","format-standard","hentry","category-sin-categoria"],"_links":{"self":[{"href":"http:\/\/fmdelpueblo.ar\/index.php?rest_route=\/wp\/v2\/posts\/9394","targetHints":{"allow":["GET"]}}],"collection":[{"href":"http:\/\/fmdelpueblo.ar\/index.php?rest_route=\/wp\/v2\/posts"}],"about":[{"href":"http:\/\/fmdelpueblo.ar\/index.php?rest_route=\/wp\/v2\/types\/post"}],"replies":[{"embeddable":true,"href":"http:\/\/fmdelpueblo.ar\/index.php?rest_route=%2Fwp%2Fv2%2Fcomments&post=9394"}],"version-history":[{"count":0,"href":"http:\/\/fmdelpueblo.ar\/index.php?rest_route=\/wp\/v2\/posts\/9394\/revisions"}],"wp:attachment":[{"href":"http:\/\/fmdelpueblo.ar\/index.php?rest_route=%2Fwp%2Fv2%2Fmedia&parent=9394"}],"wp:term":[{"taxonomy":"category","embeddable":true,"href":"http:\/\/fmdelpueblo.ar\/index.php?rest_route=%2Fwp%2Fv2%2Fcategories&post=9394"},{"taxonomy":"post_tag","embeddable":true,"href":"http:\/\/fmdelpueblo.ar\/index.php?rest_route=%2Fwp%2Fv2%2Ftags&post=9394"}],"curies":[{"name":"wp","href":"https:\/\/api.w.org\/{rel}","templated":true}]}}