{"id":9392,"date":"2022-03-02T20:08:55","date_gmt":"2022-03-02T20:08:55","guid":{"rendered":"https:\/\/fmdelpueblo.ar\/?p=9392"},"modified":"2022-03-02T20:08:55","modified_gmt":"2022-03-02T20:08:55","slug":"el-aumento-global-de-la-depresion-revela-el-dano-oculto-de-la-pandemia","status":"publish","type":"post","link":"http:\/\/fmdelpueblo.ar\/?p=9392","title":{"rendered":"El aumento global de la depresi\u00f3n revela el da\u00f1o oculto de la pandemia"},"content":{"rendered":"<\/p>\n<p>Las tasas de depresi\u00f3n y ansiedad aumentaron cerca de un 25% en todo el mundo en el primer a\u00f1o del coronavirus, otra se\u00f1al del da\u00f1o generalizado a la salud mental que han provocado estos tiempos. <a href=\"https:\/\/www.perfil.com\/noticias\/bloomberg\/bc-aumento-global-de-la-depresion-revela-dano-oculto-de-la-pandemia.phtml\">Leer m\u00e1s<\/a><\/p>\n","protected":false},"excerpt":{"rendered":"<p>Las tasas de depresi\u00f3n y ansiedad aumentaron cerca de un 25% en todo el mundo en el primer a\u00f1o del coronavirus, otra se\u00f1al del da\u00f1o generalizado a la salud mental que han provocado estos tiempos. Leer m\u00e1s<\/p>\n","protected":false},"author":0,"featured_media":0,"comment_status":"","ping_status":"","sticky":false,"template":"","format":"standard","meta":{"footnotes":""},"categories":[1],"tags":[],"class_list":["post-9392","post","type-post","status-publish","format-standard","hentry","category-sin-categoria"],"_links":{"self":[{"href":"http:\/\/fmdelpueblo.ar\/index.php?rest_route=\/wp\/v2\/posts\/9392","targetHints":{"allow":["GET"]}}],"collection":[{"href":"http:\/\/fmdelpueblo.ar\/index.php?rest_route=\/wp\/v2\/posts"}],"about":[{"href":"http:\/\/fmdelpueblo.ar\/index.php?rest_route=\/wp\/v2\/types\/post"}],"replies":[{"embeddable":true,"href":"http:\/\/fmdelpueblo.ar\/index.php?rest_route=%2Fwp%2Fv2%2Fcomments&post=9392"}],"version-history":[{"count":0,"href":"http:\/\/fmdelpueblo.ar\/index.php?rest_route=\/wp\/v2\/posts\/9392\/revisions"}],"wp:attachment":[{"href":"http:\/\/fmdelpueblo.ar\/index.php?rest_route=%2Fwp%2Fv2%2Fmedia&parent=9392"}],"wp:term":[{"taxonomy":"category","embeddable":true,"href":"http:\/\/fmdelpueblo.ar\/index.php?rest_route=%2Fwp%2Fv2%2Fcategories&post=9392"},{"taxonomy":"post_tag","embeddable":true,"href":"http:\/\/fmdelpueblo.ar\/index.php?rest_route=%2Fwp%2Fv2%2Ftags&post=9392"}],"curies":[{"name":"wp","href":"https:\/\/api.w.org\/{rel}","templated":true}]}}