{"id":9391,"date":"2022-03-02T20:08:55","date_gmt":"2022-03-02T20:08:55","guid":{"rendered":"https:\/\/fmdelpueblo.ar\/?p=9391"},"modified":"2022-03-02T20:08:55","modified_gmt":"2022-03-02T20:08:55","slug":"odesa-en-la-mira-rusia-avanza-mas-rapido-en-el-sur-de-ucrania","status":"publish","type":"post","link":"http:\/\/fmdelpueblo.ar\/?p=9391","title":{"rendered":"Odesa en la mira: Rusia avanza m\u00e1s r\u00e1pido en el sur de Ucrania"},"content":{"rendered":"<\/p>\n<p>La afirmaci\u00f3n de Rusia de haber capturado la ciudad portuaria de Jers\u00f3n en el sur de Ucrania deja cada vez m\u00e1s claro que su invasi\u00f3n, aunque se ralentiza en el norte, est\u00e1 ganando terreno en las llanuras costeras abiertas y dif\u00edciles de defender del pa\u00eds. <a href=\"https:\/\/www.perfil.com\/noticias\/bloomberg\/bc-odesa-en-la-mira-rusia-progresa-mas-rapido-en-el-sur-de-ucrania.phtml\">Leer m\u00e1s<\/a><\/p>\n","protected":false},"excerpt":{"rendered":"<p>La afirmaci\u00f3n de Rusia de haber capturado la ciudad portuaria de Jers\u00f3n en el sur de Ucrania deja cada vez m\u00e1s claro que su invasi\u00f3n, aunque se ralentiza en el norte, est\u00e1 ganando terreno en las llanuras costeras abiertas y dif\u00edciles de defender del pa\u00eds. Leer m\u00e1s<\/p>\n","protected":false},"author":0,"featured_media":0,"comment_status":"","ping_status":"","sticky":false,"template":"","format":"standard","meta":{"footnotes":""},"categories":[1],"tags":[],"class_list":["post-9391","post","type-post","status-publish","format-standard","hentry","category-sin-categoria"],"_links":{"self":[{"href":"http:\/\/fmdelpueblo.ar\/index.php?rest_route=\/wp\/v2\/posts\/9391","targetHints":{"allow":["GET"]}}],"collection":[{"href":"http:\/\/fmdelpueblo.ar\/index.php?rest_route=\/wp\/v2\/posts"}],"about":[{"href":"http:\/\/fmdelpueblo.ar\/index.php?rest_route=\/wp\/v2\/types\/post"}],"replies":[{"embeddable":true,"href":"http:\/\/fmdelpueblo.ar\/index.php?rest_route=%2Fwp%2Fv2%2Fcomments&post=9391"}],"version-history":[{"count":0,"href":"http:\/\/fmdelpueblo.ar\/index.php?rest_route=\/wp\/v2\/posts\/9391\/revisions"}],"wp:attachment":[{"href":"http:\/\/fmdelpueblo.ar\/index.php?rest_route=%2Fwp%2Fv2%2Fmedia&parent=9391"}],"wp:term":[{"taxonomy":"category","embeddable":true,"href":"http:\/\/fmdelpueblo.ar\/index.php?rest_route=%2Fwp%2Fv2%2Fcategories&post=9391"},{"taxonomy":"post_tag","embeddable":true,"href":"http:\/\/fmdelpueblo.ar\/index.php?rest_route=%2Fwp%2Fv2%2Ftags&post=9391"}],"curies":[{"name":"wp","href":"https:\/\/api.w.org\/{rel}","templated":true}]}}