{"id":9389,"date":"2022-03-02T19:09:21","date_gmt":"2022-03-02T19:09:21","guid":{"rendered":"https:\/\/fmdelpueblo.ar\/?p=9389"},"modified":"2022-03-02T19:09:21","modified_gmt":"2022-03-02T19:09:21","slug":"seguimos-trabajando-como-es-el-clima-en-la-corte-suprema-tras-las-nuevas-criticas-de-alberto-fernandez","status":"publish","type":"post","link":"http:\/\/fmdelpueblo.ar\/?p=9389","title":{"rendered":"\u00abSeguimos trabajando\u00bb: C\u00f3mo es el clima en la Corte Suprema tras las nuevas cr\u00edticas de Alberto Fern\u00e1ndez"},"content":{"rendered":"<\/p>\n<p>Cerca de los ministros buscaron relativizar el discurso presidencial y defender el trabajo cortesano. Hay quienes descartan una escalada en la tensi\u00f3n al ver en similar posici\u00f3n de debilidad a la Corte y a la Casa Rosada. Qu\u00e9 pasa en Comodoro Py. <a href=\"https:\/\/www.perfil.com\/noticias\/politica\/seguimos-trabajando-el-clima-en-la-corte-suprema-tras-las-nuevas-criticas-de-alberto-fernandez.phtml\">Leer m\u00e1s<\/a><\/p>\n","protected":false},"excerpt":{"rendered":"<p>Cerca de los ministros buscaron relativizar el discurso presidencial y defender el trabajo cortesano. Hay quienes descartan una escalada en la tensi\u00f3n al ver en similar posici\u00f3n de debilidad a la Corte y a la Casa Rosada. Qu\u00e9 pasa en Comodoro Py. Leer m\u00e1s<\/p>\n","protected":false},"author":0,"featured_media":0,"comment_status":"","ping_status":"","sticky":false,"template":"","format":"standard","meta":{"footnotes":""},"categories":[1],"tags":[],"class_list":["post-9389","post","type-post","status-publish","format-standard","hentry","category-sin-categoria"],"_links":{"self":[{"href":"http:\/\/fmdelpueblo.ar\/index.php?rest_route=\/wp\/v2\/posts\/9389","targetHints":{"allow":["GET"]}}],"collection":[{"href":"http:\/\/fmdelpueblo.ar\/index.php?rest_route=\/wp\/v2\/posts"}],"about":[{"href":"http:\/\/fmdelpueblo.ar\/index.php?rest_route=\/wp\/v2\/types\/post"}],"replies":[{"embeddable":true,"href":"http:\/\/fmdelpueblo.ar\/index.php?rest_route=%2Fwp%2Fv2%2Fcomments&post=9389"}],"version-history":[{"count":0,"href":"http:\/\/fmdelpueblo.ar\/index.php?rest_route=\/wp\/v2\/posts\/9389\/revisions"}],"wp:attachment":[{"href":"http:\/\/fmdelpueblo.ar\/index.php?rest_route=%2Fwp%2Fv2%2Fmedia&parent=9389"}],"wp:term":[{"taxonomy":"category","embeddable":true,"href":"http:\/\/fmdelpueblo.ar\/index.php?rest_route=%2Fwp%2Fv2%2Fcategories&post=9389"},{"taxonomy":"post_tag","embeddable":true,"href":"http:\/\/fmdelpueblo.ar\/index.php?rest_route=%2Fwp%2Fv2%2Ftags&post=9389"}],"curies":[{"name":"wp","href":"https:\/\/api.w.org\/{rel}","templated":true}]}}