{"id":9383,"date":"2022-03-02T17:10:11","date_gmt":"2022-03-02T17:10:11","guid":{"rendered":"https:\/\/fmdelpueblo.ar\/?p=9383"},"modified":"2022-03-02T17:10:11","modified_gmt":"2022-03-02T17:10:11","slug":"violacion-grupal-en-palermo-una-mujer-denuncio-que-fue-abusada-a-sus-14-anos-por-uno-de-los-detenidos","status":"publish","type":"post","link":"http:\/\/fmdelpueblo.ar\/?p=9383","title":{"rendered":"Violaci\u00f3n grupal en Palermo: una mujer denunci\u00f3 que fue abusada a sus 14 a\u00f1os por uno de los detenidos"},"content":{"rendered":"<\/p>\n<p>Giuliana, v\u00edctima de Ignacio Retondo en el a\u00f1o 2015, asegur\u00f3 que hizo la denuncia contra el detenido: \u00abDecid\u00ed no callar m\u00e1s\u00bb.  <a href=\"https:\/\/www.perfil.com\/noticias\/actualidad\/violacion-grupal-en-palermo-una-joven-denuncio-que-fue-violada-por-uno-de-los-detenidos-cuando-tenia-14-anos.phtml\">Leer m\u00e1s<\/a><\/p>\n","protected":false},"excerpt":{"rendered":"<p>Giuliana, v\u00edctima de Ignacio Retondo en el a\u00f1o 2015, asegur\u00f3 que hizo la denuncia contra el detenido: \u00abDecid\u00ed no callar m\u00e1s\u00bb. Leer m\u00e1s<\/p>\n","protected":false},"author":0,"featured_media":0,"comment_status":"","ping_status":"","sticky":false,"template":"","format":"standard","meta":{"footnotes":""},"categories":[1],"tags":[],"class_list":["post-9383","post","type-post","status-publish","format-standard","hentry","category-sin-categoria"],"_links":{"self":[{"href":"http:\/\/fmdelpueblo.ar\/index.php?rest_route=\/wp\/v2\/posts\/9383","targetHints":{"allow":["GET"]}}],"collection":[{"href":"http:\/\/fmdelpueblo.ar\/index.php?rest_route=\/wp\/v2\/posts"}],"about":[{"href":"http:\/\/fmdelpueblo.ar\/index.php?rest_route=\/wp\/v2\/types\/post"}],"replies":[{"embeddable":true,"href":"http:\/\/fmdelpueblo.ar\/index.php?rest_route=%2Fwp%2Fv2%2Fcomments&post=9383"}],"version-history":[{"count":0,"href":"http:\/\/fmdelpueblo.ar\/index.php?rest_route=\/wp\/v2\/posts\/9383\/revisions"}],"wp:attachment":[{"href":"http:\/\/fmdelpueblo.ar\/index.php?rest_route=%2Fwp%2Fv2%2Fmedia&parent=9383"}],"wp:term":[{"taxonomy":"category","embeddable":true,"href":"http:\/\/fmdelpueblo.ar\/index.php?rest_route=%2Fwp%2Fv2%2Fcategories&post=9383"},{"taxonomy":"post_tag","embeddable":true,"href":"http:\/\/fmdelpueblo.ar\/index.php?rest_route=%2Fwp%2Fv2%2Ftags&post=9383"}],"curies":[{"name":"wp","href":"https:\/\/api.w.org\/{rel}","templated":true}]}}