{"id":9382,"date":"2022-03-02T17:10:11","date_gmt":"2022-03-02T17:10:11","guid":{"rendered":"https:\/\/fmdelpueblo.ar\/?p=9382"},"modified":"2022-03-02T17:10:11","modified_gmt":"2022-03-02T17:10:11","slug":"capacitanes-esports-presento-el-primer-pueblo-para-streamers-de-espana","status":"publish","type":"post","link":"http:\/\/fmdelpueblo.ar\/?p=9382","title":{"rendered":"Capacitanes Esports present\u00f3 el primer pueblo para streamers de Espa\u00f1a\u00a0"},"content":{"rendered":"<\/p>\n<p>El proyecto llamado \u201cCapacitanes Village\u201d pone al pueblo Ajamil de Cameros a la vanguardia tecnol\u00f3gica del pa\u00eds y cre\u00f3 una academia para creadores de contenido, que incluye un plan formativo. <a href=\"https:\/\/www.perfil.com\/noticias\/actualidad\/capacitanes-esports-presento-el-primer-pueblo-para-streamers-de-espana-peek.phtml\">Leer m\u00e1s<\/a><\/p>\n","protected":false},"excerpt":{"rendered":"<p>El proyecto llamado \u201cCapacitanes Village\u201d pone al pueblo Ajamil de Cameros a la vanguardia tecnol\u00f3gica del pa\u00eds y cre\u00f3 una academia para creadores de contenido, que incluye un plan formativo. Leer m\u00e1s<\/p>\n","protected":false},"author":0,"featured_media":0,"comment_status":"","ping_status":"","sticky":false,"template":"","format":"standard","meta":{"footnotes":""},"categories":[1],"tags":[],"class_list":["post-9382","post","type-post","status-publish","format-standard","hentry","category-sin-categoria"],"_links":{"self":[{"href":"http:\/\/fmdelpueblo.ar\/index.php?rest_route=\/wp\/v2\/posts\/9382","targetHints":{"allow":["GET"]}}],"collection":[{"href":"http:\/\/fmdelpueblo.ar\/index.php?rest_route=\/wp\/v2\/posts"}],"about":[{"href":"http:\/\/fmdelpueblo.ar\/index.php?rest_route=\/wp\/v2\/types\/post"}],"replies":[{"embeddable":true,"href":"http:\/\/fmdelpueblo.ar\/index.php?rest_route=%2Fwp%2Fv2%2Fcomments&post=9382"}],"version-history":[{"count":0,"href":"http:\/\/fmdelpueblo.ar\/index.php?rest_route=\/wp\/v2\/posts\/9382\/revisions"}],"wp:attachment":[{"href":"http:\/\/fmdelpueblo.ar\/index.php?rest_route=%2Fwp%2Fv2%2Fmedia&parent=9382"}],"wp:term":[{"taxonomy":"category","embeddable":true,"href":"http:\/\/fmdelpueblo.ar\/index.php?rest_route=%2Fwp%2Fv2%2Fcategories&post=9382"},{"taxonomy":"post_tag","embeddable":true,"href":"http:\/\/fmdelpueblo.ar\/index.php?rest_route=%2Fwp%2Fv2%2Ftags&post=9382"}],"curies":[{"name":"wp","href":"https:\/\/api.w.org\/{rel}","templated":true}]}}