{"id":9380,"date":"2022-03-02T16:12:07","date_gmt":"2022-03-02T16:12:07","guid":{"rendered":"https:\/\/fmdelpueblo.ar\/?p=9380"},"modified":"2022-03-02T16:12:07","modified_gmt":"2022-03-02T16:12:07","slug":"investigan-un-femicidio-y-suicido-en-salta-encontraron-a-una-mujer-y-a-su-pareja-muertos-en-un-inquilinato","status":"publish","type":"post","link":"http:\/\/fmdelpueblo.ar\/?p=9380","title":{"rendered":"Investigan un femicidio y suicido en Salta: encontraron a una mujer y a su pareja muertos en un inquilinato"},"content":{"rendered":"<\/p>\n<p>Fueron encontrados por los vecinos. Ten\u00edan entre 30 y 35 a\u00f1os y tres hijos en com\u00fan. <a href=\"https:\/\/www.perfil.com\/noticias\/sociedad\/investigan-un-femicidio-seguido-de-suicido-en-salta-encontraron-a-una-mujer-y-a-su-pareja-muertos-en-un-inquilinato.phtml\">Leer m\u00e1s<\/a><\/p>\n","protected":false},"excerpt":{"rendered":"<p>Fueron encontrados por los vecinos. Ten\u00edan entre 30 y 35 a\u00f1os y tres hijos en com\u00fan. Leer m\u00e1s<\/p>\n","protected":false},"author":0,"featured_media":0,"comment_status":"","ping_status":"","sticky":false,"template":"","format":"standard","meta":{"footnotes":""},"categories":[1],"tags":[],"class_list":["post-9380","post","type-post","status-publish","format-standard","hentry","category-sin-categoria"],"_links":{"self":[{"href":"http:\/\/fmdelpueblo.ar\/index.php?rest_route=\/wp\/v2\/posts\/9380","targetHints":{"allow":["GET"]}}],"collection":[{"href":"http:\/\/fmdelpueblo.ar\/index.php?rest_route=\/wp\/v2\/posts"}],"about":[{"href":"http:\/\/fmdelpueblo.ar\/index.php?rest_route=\/wp\/v2\/types\/post"}],"replies":[{"embeddable":true,"href":"http:\/\/fmdelpueblo.ar\/index.php?rest_route=%2Fwp%2Fv2%2Fcomments&post=9380"}],"version-history":[{"count":0,"href":"http:\/\/fmdelpueblo.ar\/index.php?rest_route=\/wp\/v2\/posts\/9380\/revisions"}],"wp:attachment":[{"href":"http:\/\/fmdelpueblo.ar\/index.php?rest_route=%2Fwp%2Fv2%2Fmedia&parent=9380"}],"wp:term":[{"taxonomy":"category","embeddable":true,"href":"http:\/\/fmdelpueblo.ar\/index.php?rest_route=%2Fwp%2Fv2%2Fcategories&post=9380"},{"taxonomy":"post_tag","embeddable":true,"href":"http:\/\/fmdelpueblo.ar\/index.php?rest_route=%2Fwp%2Fv2%2Ftags&post=9380"}],"curies":[{"name":"wp","href":"https:\/\/api.w.org\/{rel}","templated":true}]}}