{"id":9378,"date":"2022-03-02T16:12:07","date_gmt":"2022-03-02T16:12:07","guid":{"rendered":"https:\/\/fmdelpueblo.ar\/?p=9378"},"modified":"2022-03-02T16:12:07","modified_gmt":"2022-03-02T16:12:07","slug":"los-metrodelegados-advierten-sobre-posibles-medidas-de-fuerza","status":"publish","type":"post","link":"http:\/\/fmdelpueblo.ar\/?p=9378","title":{"rendered":"Los Metrodelegados advierten sobre posibles medidas de fuerza"},"content":{"rendered":"<\/p>\n<p>El gremio amenaza con diferentes medidas de fuerza ante la modificaci\u00f3n de los horarios de la prestaci\u00f3n del servicio de transporte subterr\u00e1neo. La respuesta de la concesionaria. <a href=\"https:\/\/www.perfil.com\/noticias\/sociedad\/los-metrodelegados-advierten-sobre-posibles-medidas-de-fuerza.phtml\">Leer m\u00e1s<\/a><\/p>\n","protected":false},"excerpt":{"rendered":"<p>El gremio amenaza con diferentes medidas de fuerza ante la modificaci\u00f3n de los horarios de la prestaci\u00f3n del servicio de transporte subterr\u00e1neo. La respuesta de la concesionaria. Leer m\u00e1s<\/p>\n","protected":false},"author":0,"featured_media":0,"comment_status":"","ping_status":"","sticky":false,"template":"","format":"standard","meta":{"footnotes":""},"categories":[1],"tags":[],"class_list":["post-9378","post","type-post","status-publish","format-standard","hentry","category-sin-categoria"],"_links":{"self":[{"href":"http:\/\/fmdelpueblo.ar\/index.php?rest_route=\/wp\/v2\/posts\/9378","targetHints":{"allow":["GET"]}}],"collection":[{"href":"http:\/\/fmdelpueblo.ar\/index.php?rest_route=\/wp\/v2\/posts"}],"about":[{"href":"http:\/\/fmdelpueblo.ar\/index.php?rest_route=\/wp\/v2\/types\/post"}],"replies":[{"embeddable":true,"href":"http:\/\/fmdelpueblo.ar\/index.php?rest_route=%2Fwp%2Fv2%2Fcomments&post=9378"}],"version-history":[{"count":0,"href":"http:\/\/fmdelpueblo.ar\/index.php?rest_route=\/wp\/v2\/posts\/9378\/revisions"}],"wp:attachment":[{"href":"http:\/\/fmdelpueblo.ar\/index.php?rest_route=%2Fwp%2Fv2%2Fmedia&parent=9378"}],"wp:term":[{"taxonomy":"category","embeddable":true,"href":"http:\/\/fmdelpueblo.ar\/index.php?rest_route=%2Fwp%2Fv2%2Fcategories&post=9378"},{"taxonomy":"post_tag","embeddable":true,"href":"http:\/\/fmdelpueblo.ar\/index.php?rest_route=%2Fwp%2Fv2%2Ftags&post=9378"}],"curies":[{"name":"wp","href":"https:\/\/api.w.org\/{rel}","templated":true}]}}