{"id":9376,"date":"2022-03-02T16:12:07","date_gmt":"2022-03-02T16:12:07","guid":{"rendered":"https:\/\/fmdelpueblo.ar\/?p=9376"},"modified":"2022-03-02T16:12:07","modified_gmt":"2022-03-02T16:12:07","slug":"un-senador-de-juntos-por-el-cambio-lapido-a-manes-habla-mucho-del-cerebro-pero-lo-usa-poco","status":"publish","type":"post","link":"http:\/\/fmdelpueblo.ar\/?p=9376","title":{"rendered":"Un senador de Juntos por el Cambio lapid\u00f3 a Manes: \u201cHabla mucho del cerebro, pero lo usa poco\u201d"},"content":{"rendered":"<\/p>\n<p>\u00abNo es tiempo de vanidades\u00bb, dispar\u00f3 el legislador en una cr\u00edtica directa a Manes por no retirarse del Congreso en medio del discurso de Alberto Fern\u00e1ndez. <a href=\"https:\/\/www.perfil.com\/noticias\/politica\/un-senador-de-juntos-por-el-cambio-lapido-a-manes-habla-mucho-del-cerebro-pero-lo-usa-poco.phtml\">Leer m\u00e1s<\/a><\/p>\n","protected":false},"excerpt":{"rendered":"<p>\u00abNo es tiempo de vanidades\u00bb, dispar\u00f3 el legislador en una cr\u00edtica directa a Manes por no retirarse del Congreso en medio del discurso de Alberto Fern\u00e1ndez. Leer m\u00e1s<\/p>\n","protected":false},"author":0,"featured_media":0,"comment_status":"","ping_status":"","sticky":false,"template":"","format":"standard","meta":{"footnotes":""},"categories":[1],"tags":[],"class_list":["post-9376","post","type-post","status-publish","format-standard","hentry","category-sin-categoria"],"_links":{"self":[{"href":"http:\/\/fmdelpueblo.ar\/index.php?rest_route=\/wp\/v2\/posts\/9376","targetHints":{"allow":["GET"]}}],"collection":[{"href":"http:\/\/fmdelpueblo.ar\/index.php?rest_route=\/wp\/v2\/posts"}],"about":[{"href":"http:\/\/fmdelpueblo.ar\/index.php?rest_route=\/wp\/v2\/types\/post"}],"replies":[{"embeddable":true,"href":"http:\/\/fmdelpueblo.ar\/index.php?rest_route=%2Fwp%2Fv2%2Fcomments&post=9376"}],"version-history":[{"count":0,"href":"http:\/\/fmdelpueblo.ar\/index.php?rest_route=\/wp\/v2\/posts\/9376\/revisions"}],"wp:attachment":[{"href":"http:\/\/fmdelpueblo.ar\/index.php?rest_route=%2Fwp%2Fv2%2Fmedia&parent=9376"}],"wp:term":[{"taxonomy":"category","embeddable":true,"href":"http:\/\/fmdelpueblo.ar\/index.php?rest_route=%2Fwp%2Fv2%2Fcategories&post=9376"},{"taxonomy":"post_tag","embeddable":true,"href":"http:\/\/fmdelpueblo.ar\/index.php?rest_route=%2Fwp%2Fv2%2Ftags&post=9376"}],"curies":[{"name":"wp","href":"https:\/\/api.w.org\/{rel}","templated":true}]}}