{"id":9373,"date":"2022-03-02T15:11:36","date_gmt":"2022-03-02T15:11:36","guid":{"rendered":"https:\/\/fmdelpueblo.ar\/?p=9373"},"modified":"2022-03-02T15:11:36","modified_gmt":"2022-03-02T15:11:36","slug":"german-martinez-pidio-metabolizar-las-internas-del-oficialismo-con-los-companeros-de-mi-bloque-no-se-negocia","status":"publish","type":"post","link":"http:\/\/fmdelpueblo.ar\/?p=9373","title":{"rendered":"Germ\u00e1n Mart\u00ednez pidi\u00f3 \u00abmetabolizar las internas\u00bb del oficialismo: \u00abCon los compa\u00f1eros de mi bloque no se negocia\u00bb"},"content":{"rendered":"<\/p>\n<p>El titular del bloque del Frente de Todos en Diputados admiti\u00f3 que hay \u00abmiradas cr\u00edticas\u00bb dentro del oficialismo. \u00abSomos optimistas\u00bb, afirm\u00f3 respecto a las negociaciones finales con el Fondo Monetario.  <a href=\"https:\/\/www.perfil.com\/noticias\/politica\/german-martinez-tenemos-tiempo-para-metabolizar-las-distintas-miradas-internas-que-tenemos-respecto-del-acuerdo.phtml\">Leer m\u00e1s<\/a><\/p>\n","protected":false},"excerpt":{"rendered":"<p>El titular del bloque del Frente de Todos en Diputados admiti\u00f3 que hay \u00abmiradas cr\u00edticas\u00bb dentro del oficialismo. \u00abSomos optimistas\u00bb, afirm\u00f3 respecto a las negociaciones finales con el Fondo Monetario. Leer m\u00e1s<\/p>\n","protected":false},"author":0,"featured_media":0,"comment_status":"","ping_status":"","sticky":false,"template":"","format":"standard","meta":{"footnotes":""},"categories":[1],"tags":[],"class_list":["post-9373","post","type-post","status-publish","format-standard","hentry","category-sin-categoria"],"_links":{"self":[{"href":"http:\/\/fmdelpueblo.ar\/index.php?rest_route=\/wp\/v2\/posts\/9373","targetHints":{"allow":["GET"]}}],"collection":[{"href":"http:\/\/fmdelpueblo.ar\/index.php?rest_route=\/wp\/v2\/posts"}],"about":[{"href":"http:\/\/fmdelpueblo.ar\/index.php?rest_route=\/wp\/v2\/types\/post"}],"replies":[{"embeddable":true,"href":"http:\/\/fmdelpueblo.ar\/index.php?rest_route=%2Fwp%2Fv2%2Fcomments&post=9373"}],"version-history":[{"count":0,"href":"http:\/\/fmdelpueblo.ar\/index.php?rest_route=\/wp\/v2\/posts\/9373\/revisions"}],"wp:attachment":[{"href":"http:\/\/fmdelpueblo.ar\/index.php?rest_route=%2Fwp%2Fv2%2Fmedia&parent=9373"}],"wp:term":[{"taxonomy":"category","embeddable":true,"href":"http:\/\/fmdelpueblo.ar\/index.php?rest_route=%2Fwp%2Fv2%2Fcategories&post=9373"},{"taxonomy":"post_tag","embeddable":true,"href":"http:\/\/fmdelpueblo.ar\/index.php?rest_route=%2Fwp%2Fv2%2Ftags&post=9373"}],"curies":[{"name":"wp","href":"https:\/\/api.w.org\/{rel}","templated":true}]}}