{"id":9372,"date":"2022-03-02T15:11:36","date_gmt":"2022-03-02T15:11:36","guid":{"rendered":"https:\/\/fmdelpueblo.ar\/?p=9372"},"modified":"2022-03-02T15:11:36","modified_gmt":"2022-03-02T15:11:36","slug":"asignaciones-familiares-de-anses-cuales-son-los-nuevos-montos-que-rigen-desde-marzo","status":"publish","type":"post","link":"http:\/\/fmdelpueblo.ar\/?p=9372","title":{"rendered":"Asignaciones familiares de ANSES: cu\u00e1les son los nuevos montos que rigen desde marzo"},"content":{"rendered":"<\/p>\n<p>El organismo previsional oficializ\u00f3 el aumento del 12,28% en la Resoluci\u00f3n 33\/2022, publicada en el primer d\u00eda h\u00e1bil de marzo en el Bolet\u00edn Oficial.\u00a0 <a href=\"https:\/\/www.perfil.com\/noticias\/economia\/asignaciones-familiares-de-anses-cuales-son-los-nuevos-montos-que-rigen-desde-marzo.phtml\">Leer m\u00e1s<\/a><\/p>\n","protected":false},"excerpt":{"rendered":"<p>El organismo previsional oficializ\u00f3 el aumento del 12,28% en la Resoluci\u00f3n 33\/2022, publicada en el primer d\u00eda h\u00e1bil de marzo en el Bolet\u00edn Oficial.\u00a0 Leer m\u00e1s<\/p>\n","protected":false},"author":0,"featured_media":0,"comment_status":"","ping_status":"","sticky":false,"template":"","format":"standard","meta":{"footnotes":""},"categories":[1],"tags":[],"class_list":["post-9372","post","type-post","status-publish","format-standard","hentry","category-sin-categoria"],"_links":{"self":[{"href":"http:\/\/fmdelpueblo.ar\/index.php?rest_route=\/wp\/v2\/posts\/9372","targetHints":{"allow":["GET"]}}],"collection":[{"href":"http:\/\/fmdelpueblo.ar\/index.php?rest_route=\/wp\/v2\/posts"}],"about":[{"href":"http:\/\/fmdelpueblo.ar\/index.php?rest_route=\/wp\/v2\/types\/post"}],"replies":[{"embeddable":true,"href":"http:\/\/fmdelpueblo.ar\/index.php?rest_route=%2Fwp%2Fv2%2Fcomments&post=9372"}],"version-history":[{"count":0,"href":"http:\/\/fmdelpueblo.ar\/index.php?rest_route=\/wp\/v2\/posts\/9372\/revisions"}],"wp:attachment":[{"href":"http:\/\/fmdelpueblo.ar\/index.php?rest_route=%2Fwp%2Fv2%2Fmedia&parent=9372"}],"wp:term":[{"taxonomy":"category","embeddable":true,"href":"http:\/\/fmdelpueblo.ar\/index.php?rest_route=%2Fwp%2Fv2%2Fcategories&post=9372"},{"taxonomy":"post_tag","embeddable":true,"href":"http:\/\/fmdelpueblo.ar\/index.php?rest_route=%2Fwp%2Fv2%2Ftags&post=9372"}],"curies":[{"name":"wp","href":"https:\/\/api.w.org\/{rel}","templated":true}]}}