{"id":9371,"date":"2022-03-02T15:11:36","date_gmt":"2022-03-02T15:11:36","guid":{"rendered":"https:\/\/fmdelpueblo.ar\/?p=9371"},"modified":"2022-03-02T15:11:36","modified_gmt":"2022-03-02T15:11:36","slug":"alberto-fernandez-afirma-que-su-nariz-crecera","status":"publish","type":"post","link":"http:\/\/fmdelpueblo.ar\/?p=9371","title":{"rendered":"Alberto Fern\u00e1ndez afirma que su nariz crecer\u00e1"},"content":{"rendered":"<\/p>\n<p>La paradoja de Alberto es la del mentiroso no porque afirme que lo que dice es falso sino porque su palabra est\u00e1 devaluada y, como el viejo cuento folkl\u00f3rico de Juan y el Lobo, todos toman lo que dice como mentiras y promesas vac\u00edas. <a href=\"https:\/\/www.perfil.com\/noticias\/actualidad\/alberto-afirma-que-su-nariz-crecera.phtml\">Leer m\u00e1s<\/a><\/p>\n","protected":false},"excerpt":{"rendered":"<p>La paradoja de Alberto es la del mentiroso no porque afirme que lo que dice es falso sino porque su palabra est\u00e1 devaluada y, como el viejo cuento folkl\u00f3rico de Juan y el Lobo, todos toman lo que dice como mentiras y promesas vac\u00edas. Leer m\u00e1s<\/p>\n","protected":false},"author":0,"featured_media":0,"comment_status":"","ping_status":"","sticky":false,"template":"","format":"standard","meta":{"footnotes":""},"categories":[1],"tags":[],"class_list":["post-9371","post","type-post","status-publish","format-standard","hentry","category-sin-categoria"],"_links":{"self":[{"href":"http:\/\/fmdelpueblo.ar\/index.php?rest_route=\/wp\/v2\/posts\/9371","targetHints":{"allow":["GET"]}}],"collection":[{"href":"http:\/\/fmdelpueblo.ar\/index.php?rest_route=\/wp\/v2\/posts"}],"about":[{"href":"http:\/\/fmdelpueblo.ar\/index.php?rest_route=\/wp\/v2\/types\/post"}],"replies":[{"embeddable":true,"href":"http:\/\/fmdelpueblo.ar\/index.php?rest_route=%2Fwp%2Fv2%2Fcomments&post=9371"}],"version-history":[{"count":0,"href":"http:\/\/fmdelpueblo.ar\/index.php?rest_route=\/wp\/v2\/posts\/9371\/revisions"}],"wp:attachment":[{"href":"http:\/\/fmdelpueblo.ar\/index.php?rest_route=%2Fwp%2Fv2%2Fmedia&parent=9371"}],"wp:term":[{"taxonomy":"category","embeddable":true,"href":"http:\/\/fmdelpueblo.ar\/index.php?rest_route=%2Fwp%2Fv2%2Fcategories&post=9371"},{"taxonomy":"post_tag","embeddable":true,"href":"http:\/\/fmdelpueblo.ar\/index.php?rest_route=%2Fwp%2Fv2%2Ftags&post=9371"}],"curies":[{"name":"wp","href":"https:\/\/api.w.org\/{rel}","templated":true}]}}