{"id":9369,"date":"2022-03-02T15:11:35","date_gmt":"2022-03-02T15:11:35","guid":{"rendered":"https:\/\/fmdelpueblo.ar\/?p=9369"},"modified":"2022-03-02T15:11:35","modified_gmt":"2022-03-02T15:11:35","slug":"por-que-el-teletrabajo-podria-incrementar-la-brecha-salarial-entre-hombres-y-mujeres","status":"publish","type":"post","link":"http:\/\/fmdelpueblo.ar\/?p=9369","title":{"rendered":"Por qu\u00e9 el teletrabajo podr\u00eda incrementar la brecha salarial entre hombres y mujeres"},"content":{"rendered":"<\/p>\n<p>Estudios recientes revelan que la desigualdad de g\u00e9nero, que ya existe entre los sueldos de los trabajadores, se increment\u00f3 con el trabajo en remoto.<br \/>\n <a href=\"https:\/\/www.perfil.com\/noticias\/economia\/por-que-el-teletrabajo-podria-incrementar-la-brecha-salarial-entre-hombres-y-mujeres.phtml\">Leer m\u00e1s<\/a><\/p>\n","protected":false},"excerpt":{"rendered":"<p>Estudios recientes revelan que la desigualdad de g\u00e9nero, que ya existe entre los sueldos de los trabajadores, se increment\u00f3 con el trabajo en remoto. Leer m\u00e1s<\/p>\n","protected":false},"author":0,"featured_media":0,"comment_status":"","ping_status":"","sticky":false,"template":"","format":"standard","meta":{"footnotes":""},"categories":[1],"tags":[],"class_list":["post-9369","post","type-post","status-publish","format-standard","hentry","category-sin-categoria"],"_links":{"self":[{"href":"http:\/\/fmdelpueblo.ar\/index.php?rest_route=\/wp\/v2\/posts\/9369","targetHints":{"allow":["GET"]}}],"collection":[{"href":"http:\/\/fmdelpueblo.ar\/index.php?rest_route=\/wp\/v2\/posts"}],"about":[{"href":"http:\/\/fmdelpueblo.ar\/index.php?rest_route=\/wp\/v2\/types\/post"}],"replies":[{"embeddable":true,"href":"http:\/\/fmdelpueblo.ar\/index.php?rest_route=%2Fwp%2Fv2%2Fcomments&post=9369"}],"version-history":[{"count":0,"href":"http:\/\/fmdelpueblo.ar\/index.php?rest_route=\/wp\/v2\/posts\/9369\/revisions"}],"wp:attachment":[{"href":"http:\/\/fmdelpueblo.ar\/index.php?rest_route=%2Fwp%2Fv2%2Fmedia&parent=9369"}],"wp:term":[{"taxonomy":"category","embeddable":true,"href":"http:\/\/fmdelpueblo.ar\/index.php?rest_route=%2Fwp%2Fv2%2Fcategories&post=9369"},{"taxonomy":"post_tag","embeddable":true,"href":"http:\/\/fmdelpueblo.ar\/index.php?rest_route=%2Fwp%2Fv2%2Ftags&post=9369"}],"curies":[{"name":"wp","href":"https:\/\/api.w.org\/{rel}","templated":true}]}}