{"id":9368,"date":"2022-03-02T14:11:19","date_gmt":"2022-03-02T14:11:19","guid":{"rendered":"https:\/\/fmdelpueblo.ar\/?p=9368"},"modified":"2022-03-02T14:11:19","modified_gmt":"2022-03-02T14:11:19","slug":"pensiones-no-contributivas-y-programas-alimentar-quienes-cobran-este-miercoles-2-de-marzo","status":"publish","type":"post","link":"http:\/\/fmdelpueblo.ar\/?p=9368","title":{"rendered":"Pensiones No Contributivas y Programas Alimentar: qui\u00e9nes cobran este mi\u00e9rcoles 2 de marzo"},"content":{"rendered":"<\/p>\n<p>El organismo previsional arranca un nuevo mes de pagos de prestaciones. Aqu\u00ed van las fechas de cobros para este mi\u00e9rcoles 2 de marzo.  <a href=\"https:\/\/www.perfil.com\/noticias\/economia\/pensiones-no-contributivas-y-programas-alimentar-quienes-cobran-este-miercoles-2-de-marzo.phtml\">Leer m\u00e1s<\/a><\/p>\n","protected":false},"excerpt":{"rendered":"<p>El organismo previsional arranca un nuevo mes de pagos de prestaciones. Aqu\u00ed van las fechas de cobros para este mi\u00e9rcoles 2 de marzo. Leer m\u00e1s<\/p>\n","protected":false},"author":0,"featured_media":0,"comment_status":"","ping_status":"","sticky":false,"template":"","format":"standard","meta":{"footnotes":""},"categories":[1],"tags":[],"class_list":["post-9368","post","type-post","status-publish","format-standard","hentry","category-sin-categoria"],"_links":{"self":[{"href":"http:\/\/fmdelpueblo.ar\/index.php?rest_route=\/wp\/v2\/posts\/9368","targetHints":{"allow":["GET"]}}],"collection":[{"href":"http:\/\/fmdelpueblo.ar\/index.php?rest_route=\/wp\/v2\/posts"}],"about":[{"href":"http:\/\/fmdelpueblo.ar\/index.php?rest_route=\/wp\/v2\/types\/post"}],"replies":[{"embeddable":true,"href":"http:\/\/fmdelpueblo.ar\/index.php?rest_route=%2Fwp%2Fv2%2Fcomments&post=9368"}],"version-history":[{"count":0,"href":"http:\/\/fmdelpueblo.ar\/index.php?rest_route=\/wp\/v2\/posts\/9368\/revisions"}],"wp:attachment":[{"href":"http:\/\/fmdelpueblo.ar\/index.php?rest_route=%2Fwp%2Fv2%2Fmedia&parent=9368"}],"wp:term":[{"taxonomy":"category","embeddable":true,"href":"http:\/\/fmdelpueblo.ar\/index.php?rest_route=%2Fwp%2Fv2%2Fcategories&post=9368"},{"taxonomy":"post_tag","embeddable":true,"href":"http:\/\/fmdelpueblo.ar\/index.php?rest_route=%2Fwp%2Fv2%2Ftags&post=9368"}],"curies":[{"name":"wp","href":"https:\/\/api.w.org\/{rel}","templated":true}]}}