{"id":9365,"date":"2022-03-02T13:10:38","date_gmt":"2022-03-02T13:10:38","guid":{"rendered":"http:\/\/fmdelpueblo.ar\/?p=9365"},"modified":"2022-03-02T13:10:38","modified_gmt":"2022-03-02T13:10:38","slug":"una-universidad-italiana-quiso-prohibir-textos-de-dostoiesvky-por-ser-ruso","status":"publish","type":"post","link":"http:\/\/fmdelpueblo.ar\/?p=9365","title":{"rendered":"Una universidad italiana quiso prohibir textos de Dostoiesvky por ser ruso"},"content":{"rendered":"<\/p>\n<p>Un profesor de la Universidad de Bicocca en Mil\u00e1n denunci\u00f3 que cancelaron su curso sobre el autor Fi\u00f3dor Dostoievski y asegur\u00f3: \u00abEl miedo que est\u00e1n dando los rusos est\u00e1 tomando dimensiones singulares\u00bb. Por su parte, la academia se retract\u00f3 y habl\u00f3 de un \u00abmalentendido\u00bb. <a href=\"https:\/\/www.perfil.com\/noticias\/internacional\/una-universidad-italiana-fue-denunciada-por-prohibir-textos-del-escritor-ruso-dostoievski.phtml\">Leer m\u00e1s<\/a><\/p>\n","protected":false},"excerpt":{"rendered":"<p>Un profesor de la Universidad de Bicocca en Mil\u00e1n denunci\u00f3 que cancelaron su curso sobre el autor Fi\u00f3dor Dostoievski y asegur\u00f3: \u00abEl miedo que est\u00e1n dando los rusos est\u00e1 tomando dimensiones singulares\u00bb. Por su parte, la academia se retract\u00f3 y habl\u00f3 de un \u00abmalentendido\u00bb. Leer m\u00e1s<\/p>\n","protected":false},"author":0,"featured_media":0,"comment_status":"","ping_status":"","sticky":false,"template":"","format":"standard","meta":{"footnotes":""},"categories":[1],"tags":[],"class_list":["post-9365","post","type-post","status-publish","format-standard","hentry","category-sin-categoria"],"_links":{"self":[{"href":"http:\/\/fmdelpueblo.ar\/index.php?rest_route=\/wp\/v2\/posts\/9365","targetHints":{"allow":["GET"]}}],"collection":[{"href":"http:\/\/fmdelpueblo.ar\/index.php?rest_route=\/wp\/v2\/posts"}],"about":[{"href":"http:\/\/fmdelpueblo.ar\/index.php?rest_route=\/wp\/v2\/types\/post"}],"replies":[{"embeddable":true,"href":"http:\/\/fmdelpueblo.ar\/index.php?rest_route=%2Fwp%2Fv2%2Fcomments&post=9365"}],"version-history":[{"count":0,"href":"http:\/\/fmdelpueblo.ar\/index.php?rest_route=\/wp\/v2\/posts\/9365\/revisions"}],"wp:attachment":[{"href":"http:\/\/fmdelpueblo.ar\/index.php?rest_route=%2Fwp%2Fv2%2Fmedia&parent=9365"}],"wp:term":[{"taxonomy":"category","embeddable":true,"href":"http:\/\/fmdelpueblo.ar\/index.php?rest_route=%2Fwp%2Fv2%2Fcategories&post=9365"},{"taxonomy":"post_tag","embeddable":true,"href":"http:\/\/fmdelpueblo.ar\/index.php?rest_route=%2Fwp%2Fv2%2Ftags&post=9365"}],"curies":[{"name":"wp","href":"https:\/\/api.w.org\/{rel}","templated":true}]}}