{"id":9363,"date":"2022-03-02T13:10:37","date_gmt":"2022-03-02T13:10:37","guid":{"rendered":"http:\/\/fmdelpueblo.ar\/?p=9363"},"modified":"2022-03-02T13:10:37","modified_gmt":"2022-03-02T13:10:37","slug":"el-frente-de-todos-repudio-la-violacion-grupal-en-palermo-donde-estan-las-fuerzas-de-seguridad","status":"publish","type":"post","link":"http:\/\/fmdelpueblo.ar\/?p=9363","title":{"rendered":"El Frente de Todos repudi\u00f3 la violaci\u00f3n grupal en Palermo: \u00ab\u00bfD\u00f3nde est\u00e1n las fuerzas de seguridad?\u00bb"},"content":{"rendered":"<\/p>\n<p>Desde los grupos de Vicente L\u00f3pez y Palermo del oficialismo exigieron el r\u00e1pido accionar del Poder Judicial y responsabilizan al Jefe de Gobierno y al ministro de Seguridad porte\u00f1o. Uno de los acusados militaba en La C\u00e1mpora. <a href=\"https:\/\/www.perfil.com\/noticias\/actualidad\/el-frente-de-todos-repudio-la-violacion-grupal-en-palermo-donde-estan-las-fuerzas-de-seguridad.phtml\">Leer m\u00e1s<\/a><\/p>\n","protected":false},"excerpt":{"rendered":"<p>Desde los grupos de Vicente L\u00f3pez y Palermo del oficialismo exigieron el r\u00e1pido accionar del Poder Judicial y responsabilizan al Jefe de Gobierno y al ministro de Seguridad porte\u00f1o. Uno de los acusados militaba en La C\u00e1mpora. Leer m\u00e1s<\/p>\n","protected":false},"author":0,"featured_media":0,"comment_status":"","ping_status":"","sticky":false,"template":"","format":"standard","meta":{"footnotes":""},"categories":[1],"tags":[],"class_list":["post-9363","post","type-post","status-publish","format-standard","hentry","category-sin-categoria"],"_links":{"self":[{"href":"http:\/\/fmdelpueblo.ar\/index.php?rest_route=\/wp\/v2\/posts\/9363","targetHints":{"allow":["GET"]}}],"collection":[{"href":"http:\/\/fmdelpueblo.ar\/index.php?rest_route=\/wp\/v2\/posts"}],"about":[{"href":"http:\/\/fmdelpueblo.ar\/index.php?rest_route=\/wp\/v2\/types\/post"}],"replies":[{"embeddable":true,"href":"http:\/\/fmdelpueblo.ar\/index.php?rest_route=%2Fwp%2Fv2%2Fcomments&post=9363"}],"version-history":[{"count":0,"href":"http:\/\/fmdelpueblo.ar\/index.php?rest_route=\/wp\/v2\/posts\/9363\/revisions"}],"wp:attachment":[{"href":"http:\/\/fmdelpueblo.ar\/index.php?rest_route=%2Fwp%2Fv2%2Fmedia&parent=9363"}],"wp:term":[{"taxonomy":"category","embeddable":true,"href":"http:\/\/fmdelpueblo.ar\/index.php?rest_route=%2Fwp%2Fv2%2Fcategories&post=9363"},{"taxonomy":"post_tag","embeddable":true,"href":"http:\/\/fmdelpueblo.ar\/index.php?rest_route=%2Fwp%2Fv2%2Ftags&post=9363"}],"curies":[{"name":"wp","href":"https:\/\/api.w.org\/{rel}","templated":true}]}}