{"id":9361,"date":"2022-03-02T12:11:05","date_gmt":"2022-03-02T12:11:05","guid":{"rendered":"https:\/\/fmdelpueblo.ar\/?p=9361"},"modified":"2022-03-02T12:11:05","modified_gmt":"2022-03-02T12:11:05","slug":"javier-milei-critico-a-biden-por-un-error-en-su-discurso-no-esta-en-condiciones-de-ser-presidente","status":"publish","type":"post","link":"http:\/\/fmdelpueblo.ar\/?p=9361","title":{"rendered":"Javier Milei critic\u00f3 a Biden por un error en su discurso: \u00abNo est\u00e1 en condiciones de ser presidente\u00bb"},"content":{"rendered":"<\/p>\n<p>El diputado nacional hizo un descargo en sus redes sociales luego de que el presidente norteamericano confundiera al pueblo ucraniano con el iran\u00ed: \u00abL\u00edderes tibios no est\u00e1n capacitados para enfrentar a los aut\u00f3cratas rojos y menos si simpatizan con sus ideas\u00bb, sostuvo. <a href=\"https:\/\/www.perfil.com\/noticias\/internacional\/milei-critico-a-biden-por-un-error-no-esta-en-condiciones-de-ser-el-presidente-de-eeuu.phtml\">Leer m\u00e1s<\/a><\/p>\n","protected":false},"excerpt":{"rendered":"<p>El diputado nacional hizo un descargo en sus redes sociales luego de que el presidente norteamericano confundiera al pueblo ucraniano con el iran\u00ed: \u00abL\u00edderes tibios no est\u00e1n capacitados para enfrentar a los aut\u00f3cratas rojos y menos si simpatizan con sus ideas\u00bb, sostuvo. Leer m\u00e1s<\/p>\n","protected":false},"author":0,"featured_media":0,"comment_status":"","ping_status":"","sticky":false,"template":"","format":"standard","meta":{"footnotes":""},"categories":[1],"tags":[],"class_list":["post-9361","post","type-post","status-publish","format-standard","hentry","category-sin-categoria"],"_links":{"self":[{"href":"http:\/\/fmdelpueblo.ar\/index.php?rest_route=\/wp\/v2\/posts\/9361","targetHints":{"allow":["GET"]}}],"collection":[{"href":"http:\/\/fmdelpueblo.ar\/index.php?rest_route=\/wp\/v2\/posts"}],"about":[{"href":"http:\/\/fmdelpueblo.ar\/index.php?rest_route=\/wp\/v2\/types\/post"}],"replies":[{"embeddable":true,"href":"http:\/\/fmdelpueblo.ar\/index.php?rest_route=%2Fwp%2Fv2%2Fcomments&post=9361"}],"version-history":[{"count":0,"href":"http:\/\/fmdelpueblo.ar\/index.php?rest_route=\/wp\/v2\/posts\/9361\/revisions"}],"wp:attachment":[{"href":"http:\/\/fmdelpueblo.ar\/index.php?rest_route=%2Fwp%2Fv2%2Fmedia&parent=9361"}],"wp:term":[{"taxonomy":"category","embeddable":true,"href":"http:\/\/fmdelpueblo.ar\/index.php?rest_route=%2Fwp%2Fv2%2Fcategories&post=9361"},{"taxonomy":"post_tag","embeddable":true,"href":"http:\/\/fmdelpueblo.ar\/index.php?rest_route=%2Fwp%2Fv2%2Ftags&post=9361"}],"curies":[{"name":"wp","href":"https:\/\/api.w.org\/{rel}","templated":true}]}}