{"id":9360,"date":"2022-03-02T12:11:05","date_gmt":"2022-03-02T12:11:05","guid":{"rendered":"https:\/\/fmdelpueblo.ar\/?p=9360"},"modified":"2022-03-02T12:11:05","modified_gmt":"2022-03-02T12:11:05","slug":"alberto-fernandez-y-su-pasion-por-putin","status":"publish","type":"post","link":"http:\/\/fmdelpueblo.ar\/?p=9360","title":{"rendered":"Alberto Fern\u00e1ndez y su pasi\u00f3n por Putin"},"content":{"rendered":"<\/p>\n<p>En la asamblea legislativa de ayer, el mandatario esboz\u00f3 una tibia condena a la invasi\u00f3n rusa a Ucrania al tiempo que Vladimir Putin se dispon\u00eda a tomar Kiev luego de haber bombardeado sistem\u00e1ticamente instalaciones civiles y amenaza con una escalada nuclear que pone en riesgo a la humanidad toda. <a href=\"https:\/\/www.perfil.com\/noticias\/opinion\/nazareno-etchepare-alberto-fernandez-y-su-pasion-por-putin.phtml\">Leer m\u00e1s<\/a><\/p>\n","protected":false},"excerpt":{"rendered":"<p>En la asamblea legislativa de ayer, el mandatario esboz\u00f3 una tibia condena a la invasi\u00f3n rusa a Ucrania al tiempo que Vladimir Putin se dispon\u00eda a tomar Kiev luego de haber bombardeado sistem\u00e1ticamente instalaciones civiles y amenaza con una escalada nuclear que pone en riesgo a la humanidad toda. Leer m\u00e1s<\/p>\n","protected":false},"author":0,"featured_media":0,"comment_status":"","ping_status":"","sticky":false,"template":"","format":"standard","meta":{"footnotes":""},"categories":[1],"tags":[],"class_list":["post-9360","post","type-post","status-publish","format-standard","hentry","category-sin-categoria"],"_links":{"self":[{"href":"http:\/\/fmdelpueblo.ar\/index.php?rest_route=\/wp\/v2\/posts\/9360","targetHints":{"allow":["GET"]}}],"collection":[{"href":"http:\/\/fmdelpueblo.ar\/index.php?rest_route=\/wp\/v2\/posts"}],"about":[{"href":"http:\/\/fmdelpueblo.ar\/index.php?rest_route=\/wp\/v2\/types\/post"}],"replies":[{"embeddable":true,"href":"http:\/\/fmdelpueblo.ar\/index.php?rest_route=%2Fwp%2Fv2%2Fcomments&post=9360"}],"version-history":[{"count":0,"href":"http:\/\/fmdelpueblo.ar\/index.php?rest_route=\/wp\/v2\/posts\/9360\/revisions"}],"wp:attachment":[{"href":"http:\/\/fmdelpueblo.ar\/index.php?rest_route=%2Fwp%2Fv2%2Fmedia&parent=9360"}],"wp:term":[{"taxonomy":"category","embeddable":true,"href":"http:\/\/fmdelpueblo.ar\/index.php?rest_route=%2Fwp%2Fv2%2Fcategories&post=9360"},{"taxonomy":"post_tag","embeddable":true,"href":"http:\/\/fmdelpueblo.ar\/index.php?rest_route=%2Fwp%2Fv2%2Ftags&post=9360"}],"curies":[{"name":"wp","href":"https:\/\/api.w.org\/{rel}","templated":true}]}}