{"id":9356,"date":"2022-03-02T11:11:20","date_gmt":"2022-03-02T11:11:20","guid":{"rendered":"https:\/\/fmdelpueblo.ar\/?p=9356"},"modified":"2022-03-02T11:11:20","modified_gmt":"2022-03-02T11:11:20","slug":"rodriguez-larreta-visita-una-escuela-en-el-inicio-de-clases-del-nivel-secundario","status":"publish","type":"post","link":"http:\/\/fmdelpueblo.ar\/?p=9356","title":{"rendered":"Rodr\u00edguez Larreta visita una escuela en el inicio de clases del Nivel Secundario"},"content":{"rendered":"<\/p>\n<p>El jefe de Gobierno porte\u00f1o, Horacio Rodr\u00edguez Larreta, visitar\u00e1 la escuela N\u00b0 18 \u00abDr. Alberto Larroque\u00bb en el barrio de Floresta, en el marco del inicio del ciclo lectivo 2022 para el Nivel Secundario.  <a href=\"https:\/\/www.perfil.com\/noticias\/actualidad\/rodriguez-larreta-visita-una-escuela-en-el-inicio-de-clases-del-nivel-secundario.phtml\">Leer m\u00e1s<\/a><\/p>\n","protected":false},"excerpt":{"rendered":"<p>El jefe de Gobierno porte\u00f1o, Horacio Rodr\u00edguez Larreta, visitar\u00e1 la escuela N\u00b0 18 \u00abDr. Alberto Larroque\u00bb en el barrio de Floresta, en el marco del inicio del ciclo lectivo 2022 para el Nivel Secundario. Leer m\u00e1s<\/p>\n","protected":false},"author":0,"featured_media":0,"comment_status":"","ping_status":"","sticky":false,"template":"","format":"standard","meta":{"footnotes":""},"categories":[1],"tags":[],"class_list":["post-9356","post","type-post","status-publish","format-standard","hentry","category-sin-categoria"],"_links":{"self":[{"href":"http:\/\/fmdelpueblo.ar\/index.php?rest_route=\/wp\/v2\/posts\/9356","targetHints":{"allow":["GET"]}}],"collection":[{"href":"http:\/\/fmdelpueblo.ar\/index.php?rest_route=\/wp\/v2\/posts"}],"about":[{"href":"http:\/\/fmdelpueblo.ar\/index.php?rest_route=\/wp\/v2\/types\/post"}],"replies":[{"embeddable":true,"href":"http:\/\/fmdelpueblo.ar\/index.php?rest_route=%2Fwp%2Fv2%2Fcomments&post=9356"}],"version-history":[{"count":0,"href":"http:\/\/fmdelpueblo.ar\/index.php?rest_route=\/wp\/v2\/posts\/9356\/revisions"}],"wp:attachment":[{"href":"http:\/\/fmdelpueblo.ar\/index.php?rest_route=%2Fwp%2Fv2%2Fmedia&parent=9356"}],"wp:term":[{"taxonomy":"category","embeddable":true,"href":"http:\/\/fmdelpueblo.ar\/index.php?rest_route=%2Fwp%2Fv2%2Fcategories&post=9356"},{"taxonomy":"post_tag","embeddable":true,"href":"http:\/\/fmdelpueblo.ar\/index.php?rest_route=%2Fwp%2Fv2%2Ftags&post=9356"}],"curies":[{"name":"wp","href":"https:\/\/api.w.org\/{rel}","templated":true}]}}