{"id":9355,"date":"2022-03-02T11:11:20","date_gmt":"2022-03-02T11:11:20","guid":{"rendered":"https:\/\/fmdelpueblo.ar\/?p=9355"},"modified":"2022-03-02T11:11:20","modified_gmt":"2022-03-02T11:11:20","slug":"argentina-invertebrada","status":"publish","type":"post","link":"http:\/\/fmdelpueblo.ar\/?p=9355","title":{"rendered":"Argentina invertebrada"},"content":{"rendered":"<\/p>\n<p>La conversaci\u00f3n publica, angustiada por la profunda crisis socioecon\u00f3mica, abunda en reclamos a la dirigencia, para que acuerde pol\u00edticas de Estado que permitan superar las trabas laber\u00ednticas de nuestro cr\u00f3nico estancamiento posibilitando las condiciones para un desarrollo sustentable en el tiempo. <a href=\"https:\/\/www.perfil.com\/noticias\/opinion\/pablo-madanes-argentina-invertebrada.phtml\">Leer m\u00e1s<\/a><\/p>\n","protected":false},"excerpt":{"rendered":"<p>La conversaci\u00f3n publica, angustiada por la profunda crisis socioecon\u00f3mica, abunda en reclamos a la dirigencia, para que acuerde pol\u00edticas de Estado que permitan superar las trabas laber\u00ednticas de nuestro cr\u00f3nico estancamiento posibilitando las condiciones para un desarrollo sustentable en el tiempo. Leer m\u00e1s<\/p>\n","protected":false},"author":0,"featured_media":0,"comment_status":"","ping_status":"","sticky":false,"template":"","format":"standard","meta":{"footnotes":""},"categories":[1],"tags":[],"class_list":["post-9355","post","type-post","status-publish","format-standard","hentry","category-sin-categoria"],"_links":{"self":[{"href":"http:\/\/fmdelpueblo.ar\/index.php?rest_route=\/wp\/v2\/posts\/9355","targetHints":{"allow":["GET"]}}],"collection":[{"href":"http:\/\/fmdelpueblo.ar\/index.php?rest_route=\/wp\/v2\/posts"}],"about":[{"href":"http:\/\/fmdelpueblo.ar\/index.php?rest_route=\/wp\/v2\/types\/post"}],"replies":[{"embeddable":true,"href":"http:\/\/fmdelpueblo.ar\/index.php?rest_route=%2Fwp%2Fv2%2Fcomments&post=9355"}],"version-history":[{"count":0,"href":"http:\/\/fmdelpueblo.ar\/index.php?rest_route=\/wp\/v2\/posts\/9355\/revisions"}],"wp:attachment":[{"href":"http:\/\/fmdelpueblo.ar\/index.php?rest_route=%2Fwp%2Fv2%2Fmedia&parent=9355"}],"wp:term":[{"taxonomy":"category","embeddable":true,"href":"http:\/\/fmdelpueblo.ar\/index.php?rest_route=%2Fwp%2Fv2%2Fcategories&post=9355"},{"taxonomy":"post_tag","embeddable":true,"href":"http:\/\/fmdelpueblo.ar\/index.php?rest_route=%2Fwp%2Fv2%2Ftags&post=9355"}],"curies":[{"name":"wp","href":"https:\/\/api.w.org\/{rel}","templated":true}]}}