{"id":9354,"date":"2022-03-02T07:11:10","date_gmt":"2022-03-02T07:11:10","guid":{"rendered":"https:\/\/fmdelpueblo.ar\/?p=9354"},"modified":"2022-03-02T07:11:10","modified_gmt":"2022-03-02T07:11:10","slug":"el-ejercito-de-ucrania-alerto-sobre-la-llegada-de-tropas-rusas-a-jarkov-segunda-ciudad-del-pais","status":"publish","type":"post","link":"http:\/\/fmdelpueblo.ar\/?p=9354","title":{"rendered":"El ej\u00e9rcito de Ucrania alert\u00f3 sobre la llegada de tropas rusas a J\u00e1rkov, segunda ciudad del pa\u00eds"},"content":{"rendered":"<\/p>\n<p>El anuncio llega en la s\u00e9ptima jornada de la ofensiva rusa en Ucrania, lanzada el pasado jueves 24 de febrero e intensificada el martes tras una primera fase sin grandes victorias para Mosc\u00fa. <a href=\"https:\/\/www.perfil.com\/noticias\/internacional\/ejercito-ucrania-alerto-sobre-llegada-tropas-rusas-jarkov-segunda-ciudad-pais.phtml\">Leer m\u00e1s<\/a><\/p>\n","protected":false},"excerpt":{"rendered":"<p>El anuncio llega en la s\u00e9ptima jornada de la ofensiva rusa en Ucrania, lanzada el pasado jueves 24 de febrero e intensificada el martes tras una primera fase sin grandes victorias para Mosc\u00fa. Leer m\u00e1s<\/p>\n","protected":false},"author":0,"featured_media":0,"comment_status":"","ping_status":"","sticky":false,"template":"","format":"standard","meta":{"footnotes":""},"categories":[1],"tags":[],"class_list":["post-9354","post","type-post","status-publish","format-standard","hentry","category-sin-categoria"],"_links":{"self":[{"href":"http:\/\/fmdelpueblo.ar\/index.php?rest_route=\/wp\/v2\/posts\/9354","targetHints":{"allow":["GET"]}}],"collection":[{"href":"http:\/\/fmdelpueblo.ar\/index.php?rest_route=\/wp\/v2\/posts"}],"about":[{"href":"http:\/\/fmdelpueblo.ar\/index.php?rest_route=\/wp\/v2\/types\/post"}],"replies":[{"embeddable":true,"href":"http:\/\/fmdelpueblo.ar\/index.php?rest_route=%2Fwp%2Fv2%2Fcomments&post=9354"}],"version-history":[{"count":0,"href":"http:\/\/fmdelpueblo.ar\/index.php?rest_route=\/wp\/v2\/posts\/9354\/revisions"}],"wp:attachment":[{"href":"http:\/\/fmdelpueblo.ar\/index.php?rest_route=%2Fwp%2Fv2%2Fmedia&parent=9354"}],"wp:term":[{"taxonomy":"category","embeddable":true,"href":"http:\/\/fmdelpueblo.ar\/index.php?rest_route=%2Fwp%2Fv2%2Fcategories&post=9354"},{"taxonomy":"post_tag","embeddable":true,"href":"http:\/\/fmdelpueblo.ar\/index.php?rest_route=%2Fwp%2Fv2%2Ftags&post=9354"}],"curies":[{"name":"wp","href":"https:\/\/api.w.org\/{rel}","templated":true}]}}