{"id":9353,"date":"2022-03-02T05:10:49","date_gmt":"2022-03-02T05:10:49","guid":{"rendered":"https:\/\/fmdelpueblo.ar\/?p=9353"},"modified":"2022-03-02T05:10:49","modified_gmt":"2022-03-02T05:10:49","slug":"video-los-instantes-previos-a-producirse-la-violacion-grupal-de-la-joven-de-20-anos-en-palermo","status":"publish","type":"post","link":"http:\/\/fmdelpueblo.ar\/?p=9353","title":{"rendered":"Video: los instantes previos a producirse la violaci\u00f3n grupal de la joven de 20 a\u00f1os en Palermo"},"content":{"rendered":"<\/p>\n<p>Las primeras im\u00e1genes, difundidas por la Polic\u00eda Federal,\u00a0muestran a la v\u00edctima minutos antes del ataque sexual. La joven es abordada por uno de los acusados para terminar reuni\u00e9ndose con los dem\u00e1s.  <a href=\"https:\/\/www.perfil.com\/noticias\/policia\/video-los-momentos-previos-a-producirse-la-violacion-grupal-de-la-joven-de-20-anos-en-palermo.phtml\">Leer m\u00e1s<\/a><\/p>\n","protected":false},"excerpt":{"rendered":"<p>Las primeras im\u00e1genes, difundidas por la Polic\u00eda Federal,\u00a0muestran a la v\u00edctima minutos antes del ataque sexual. La joven es abordada por uno de los acusados para terminar reuni\u00e9ndose con los dem\u00e1s. Leer m\u00e1s<\/p>\n","protected":false},"author":0,"featured_media":0,"comment_status":"","ping_status":"","sticky":false,"template":"","format":"standard","meta":{"footnotes":""},"categories":[1],"tags":[],"class_list":["post-9353","post","type-post","status-publish","format-standard","hentry","category-sin-categoria"],"_links":{"self":[{"href":"http:\/\/fmdelpueblo.ar\/index.php?rest_route=\/wp\/v2\/posts\/9353","targetHints":{"allow":["GET"]}}],"collection":[{"href":"http:\/\/fmdelpueblo.ar\/index.php?rest_route=\/wp\/v2\/posts"}],"about":[{"href":"http:\/\/fmdelpueblo.ar\/index.php?rest_route=\/wp\/v2\/types\/post"}],"replies":[{"embeddable":true,"href":"http:\/\/fmdelpueblo.ar\/index.php?rest_route=%2Fwp%2Fv2%2Fcomments&post=9353"}],"version-history":[{"count":0,"href":"http:\/\/fmdelpueblo.ar\/index.php?rest_route=\/wp\/v2\/posts\/9353\/revisions"}],"wp:attachment":[{"href":"http:\/\/fmdelpueblo.ar\/index.php?rest_route=%2Fwp%2Fv2%2Fmedia&parent=9353"}],"wp:term":[{"taxonomy":"category","embeddable":true,"href":"http:\/\/fmdelpueblo.ar\/index.php?rest_route=%2Fwp%2Fv2%2Fcategories&post=9353"},{"taxonomy":"post_tag","embeddable":true,"href":"http:\/\/fmdelpueblo.ar\/index.php?rest_route=%2Fwp%2Fv2%2Ftags&post=9353"}],"curies":[{"name":"wp","href":"https:\/\/api.w.org\/{rel}","templated":true}]}}