{"id":9348,"date":"2022-03-02T01:09:27","date_gmt":"2022-03-02T01:09:27","guid":{"rendered":"https:\/\/fmdelpueblo.ar\/?p=9348"},"modified":"2022-03-02T01:09:27","modified_gmt":"2022-03-02T01:09:27","slug":"violacion-en-palermo-la-testigo-clave-de-la-causa-hablo-en-exclusiva-con-reperfilar","status":"publish","type":"post","link":"http:\/\/fmdelpueblo.ar\/?p=9348","title":{"rendered":"Violaci\u00f3n en Palermo: la testigo clave de la causa habl\u00f3 en exclusiva con RePerfilAr"},"content":{"rendered":"<\/p>\n<p>En las \u00faltimas horas se precis\u00f3 que la v\u00edctima, de 20 a\u00f1os, est\u00e1 en buen estado de salud y que ya fue dada de alta del Hospital Rivadavia. <a href=\"https:\/\/www.perfil.com\/noticias\/reperfilar\/violacion-en-palermo-la-testigo-clave-de-la-causa-hablo-en-exclusiva-con-reperfilar.phtml\">Leer m\u00e1s<\/a><\/p>\n","protected":false},"excerpt":{"rendered":"<p>En las \u00faltimas horas se precis\u00f3 que la v\u00edctima, de 20 a\u00f1os, est\u00e1 en buen estado de salud y que ya fue dada de alta del Hospital Rivadavia. Leer m\u00e1s<\/p>\n","protected":false},"author":0,"featured_media":0,"comment_status":"","ping_status":"","sticky":false,"template":"","format":"standard","meta":{"footnotes":""},"categories":[1],"tags":[],"class_list":["post-9348","post","type-post","status-publish","format-standard","hentry","category-sin-categoria"],"_links":{"self":[{"href":"http:\/\/fmdelpueblo.ar\/index.php?rest_route=\/wp\/v2\/posts\/9348","targetHints":{"allow":["GET"]}}],"collection":[{"href":"http:\/\/fmdelpueblo.ar\/index.php?rest_route=\/wp\/v2\/posts"}],"about":[{"href":"http:\/\/fmdelpueblo.ar\/index.php?rest_route=\/wp\/v2\/types\/post"}],"replies":[{"embeddable":true,"href":"http:\/\/fmdelpueblo.ar\/index.php?rest_route=%2Fwp%2Fv2%2Fcomments&post=9348"}],"version-history":[{"count":0,"href":"http:\/\/fmdelpueblo.ar\/index.php?rest_route=\/wp\/v2\/posts\/9348\/revisions"}],"wp:attachment":[{"href":"http:\/\/fmdelpueblo.ar\/index.php?rest_route=%2Fwp%2Fv2%2Fmedia&parent=9348"}],"wp:term":[{"taxonomy":"category","embeddable":true,"href":"http:\/\/fmdelpueblo.ar\/index.php?rest_route=%2Fwp%2Fv2%2Fcategories&post=9348"},{"taxonomy":"post_tag","embeddable":true,"href":"http:\/\/fmdelpueblo.ar\/index.php?rest_route=%2Fwp%2Fv2%2Ftags&post=9348"}],"curies":[{"name":"wp","href":"https:\/\/api.w.org\/{rel}","templated":true}]}}