{"id":9346,"date":"2022-03-02T01:09:26","date_gmt":"2022-03-02T01:09:26","guid":{"rendered":"https:\/\/fmdelpueblo.ar\/?p=9346"},"modified":"2022-03-02T01:09:26","modified_gmt":"2022-03-02T01:09:26","slug":"violacion-grupal-en-palermo-quienes-son-los-acusados-de-abusar-en-manada-a-una-joven-de-20-anos","status":"publish","type":"post","link":"http:\/\/fmdelpueblo.ar\/?p=9346","title":{"rendered":"Violaci\u00f3n grupal en Palermo: qui\u00e9nes son los acusados de abusar en manada a una joven de 20 a\u00f1os"},"content":{"rendered":"<\/p>\n<p>\u00c1ngel Pascual Ramos,\u00a0Tom\u00e1s Fabi\u00e1n Dom\u00ednguez, Lautaro Dante Ciongo Pasotti, Ignacio Retondo, Steven Alexis Cuzzoni\u00a0y Franco Jes\u00fas Lykan se encuentran detenidos por el delito de \u00ababuso sexual\u00bb.  <a href=\"https:\/\/www.perfil.com\/noticias\/policia\/violacion-grupal-palermo-quienes-son-acusados-abusar-manada-jove-20-anos.phtml\">Leer m\u00e1s<\/a><\/p>\n","protected":false},"excerpt":{"rendered":"<p>\u00c1ngel Pascual Ramos,\u00a0Tom\u00e1s Fabi\u00e1n Dom\u00ednguez, Lautaro Dante Ciongo Pasotti, Ignacio Retondo, Steven Alexis Cuzzoni\u00a0y Franco Jes\u00fas Lykan se encuentran detenidos por el delito de \u00ababuso sexual\u00bb. Leer m\u00e1s<\/p>\n","protected":false},"author":0,"featured_media":0,"comment_status":"","ping_status":"","sticky":false,"template":"","format":"standard","meta":{"footnotes":""},"categories":[1],"tags":[],"class_list":["post-9346","post","type-post","status-publish","format-standard","hentry","category-sin-categoria"],"_links":{"self":[{"href":"http:\/\/fmdelpueblo.ar\/index.php?rest_route=\/wp\/v2\/posts\/9346","targetHints":{"allow":["GET"]}}],"collection":[{"href":"http:\/\/fmdelpueblo.ar\/index.php?rest_route=\/wp\/v2\/posts"}],"about":[{"href":"http:\/\/fmdelpueblo.ar\/index.php?rest_route=\/wp\/v2\/types\/post"}],"replies":[{"embeddable":true,"href":"http:\/\/fmdelpueblo.ar\/index.php?rest_route=%2Fwp%2Fv2%2Fcomments&post=9346"}],"version-history":[{"count":0,"href":"http:\/\/fmdelpueblo.ar\/index.php?rest_route=\/wp\/v2\/posts\/9346\/revisions"}],"wp:attachment":[{"href":"http:\/\/fmdelpueblo.ar\/index.php?rest_route=%2Fwp%2Fv2%2Fmedia&parent=9346"}],"wp:term":[{"taxonomy":"category","embeddable":true,"href":"http:\/\/fmdelpueblo.ar\/index.php?rest_route=%2Fwp%2Fv2%2Fcategories&post=9346"},{"taxonomy":"post_tag","embeddable":true,"href":"http:\/\/fmdelpueblo.ar\/index.php?rest_route=%2Fwp%2Fv2%2Ftags&post=9346"}],"curies":[{"name":"wp","href":"https:\/\/api.w.org\/{rel}","templated":true}]}}