{"id":9343,"date":"2022-03-02T00:08:54","date_gmt":"2022-03-02T00:08:54","guid":{"rendered":"https:\/\/fmdelpueblo.ar\/?p=9343"},"modified":"2022-03-02T00:08:54","modified_gmt":"2022-03-02T00:08:54","slug":"zelenski-le-pidio-a-biden-que-de-un-mensaje-urgente-en-el-congreso-contra-la-invasion-rusa","status":"publish","type":"post","link":"http:\/\/fmdelpueblo.ar\/?p=9343","title":{"rendered":"Zelenski le pidi\u00f3 a Biden que de un mensaje \u00aburgente\u00bb en el Congreso contra la invasi\u00f3n rusa"},"content":{"rendered":"<\/p>\n<p>El presidente de Ucrania mantuvo una nueva conversaci\u00f3n telef\u00f3nica con su par estadounidense y advirti\u00f3 que necesitan apoyo para seguir adelante. \u00abDebemos frenar al agresor cuanto antes\u00bb, dijo.  <a href=\"https:\/\/www.perfil.com\/noticias\/internacional\/zelenski-le-pidio-a-biden-que-de-un-mensaje-urgente-en-el-congreso-contra-la-invasion-rusa.phtml\">Leer m\u00e1s<\/a><\/p>\n","protected":false},"excerpt":{"rendered":"<p>El presidente de Ucrania mantuvo una nueva conversaci\u00f3n telef\u00f3nica con su par estadounidense y advirti\u00f3 que necesitan apoyo para seguir adelante. \u00abDebemos frenar al agresor cuanto antes\u00bb, dijo. Leer m\u00e1s<\/p>\n","protected":false},"author":0,"featured_media":0,"comment_status":"","ping_status":"","sticky":false,"template":"","format":"standard","meta":{"footnotes":""},"categories":[1],"tags":[],"class_list":["post-9343","post","type-post","status-publish","format-standard","hentry","category-sin-categoria"],"_links":{"self":[{"href":"http:\/\/fmdelpueblo.ar\/index.php?rest_route=\/wp\/v2\/posts\/9343","targetHints":{"allow":["GET"]}}],"collection":[{"href":"http:\/\/fmdelpueblo.ar\/index.php?rest_route=\/wp\/v2\/posts"}],"about":[{"href":"http:\/\/fmdelpueblo.ar\/index.php?rest_route=\/wp\/v2\/types\/post"}],"replies":[{"embeddable":true,"href":"http:\/\/fmdelpueblo.ar\/index.php?rest_route=%2Fwp%2Fv2%2Fcomments&post=9343"}],"version-history":[{"count":0,"href":"http:\/\/fmdelpueblo.ar\/index.php?rest_route=\/wp\/v2\/posts\/9343\/revisions"}],"wp:attachment":[{"href":"http:\/\/fmdelpueblo.ar\/index.php?rest_route=%2Fwp%2Fv2%2Fmedia&parent=9343"}],"wp:term":[{"taxonomy":"category","embeddable":true,"href":"http:\/\/fmdelpueblo.ar\/index.php?rest_route=%2Fwp%2Fv2%2Fcategories&post=9343"},{"taxonomy":"post_tag","embeddable":true,"href":"http:\/\/fmdelpueblo.ar\/index.php?rest_route=%2Fwp%2Fv2%2Ftags&post=9343"}],"curies":[{"name":"wp","href":"https:\/\/api.w.org\/{rel}","templated":true}]}}