{"id":9342,"date":"2022-03-02T00:08:54","date_gmt":"2022-03-02T00:08:54","guid":{"rendered":"https:\/\/fmdelpueblo.ar\/?p=9342"},"modified":"2022-03-02T00:08:54","modified_gmt":"2022-03-02T00:08:54","slug":"apertura-de-sesiones-la-retirada-del-pro-era-algo-que-se-habia-advertido-desde-la-oposicion","status":"publish","type":"post","link":"http:\/\/fmdelpueblo.ar\/?p=9342","title":{"rendered":"Apertura de Sesiones: \u00abLa retirada del PRO era algo que se hab\u00eda advertido desde la oposici\u00f3n\u00bb"},"content":{"rendered":"<\/p>\n<p>Jos\u00e9 Di Mauro, director del peri\u00f3dico El Parlamentario, dijo que el Gobierno deber\u00e1 tener un gran apoyo de la oposici\u00f3n para poder aprobar el proyecto debido a las diferencias internas en el Frente de Todos. <a href=\"https:\/\/www.perfil.com\/noticias\/reperfilar\/apertura-de-sesiones-la-retirada-del-pro-era-algo-que-se-habia-advertido-desde-la-oposicion.phtml\">Leer m\u00e1s<\/a><\/p>\n","protected":false},"excerpt":{"rendered":"<p>Jos\u00e9 Di Mauro, director del peri\u00f3dico El Parlamentario, dijo que el Gobierno deber\u00e1 tener un gran apoyo de la oposici\u00f3n para poder aprobar el proyecto debido a las diferencias internas en el Frente de Todos. Leer m\u00e1s<\/p>\n","protected":false},"author":0,"featured_media":0,"comment_status":"","ping_status":"","sticky":false,"template":"","format":"standard","meta":{"footnotes":""},"categories":[1],"tags":[],"class_list":["post-9342","post","type-post","status-publish","format-standard","hentry","category-sin-categoria"],"_links":{"self":[{"href":"http:\/\/fmdelpueblo.ar\/index.php?rest_route=\/wp\/v2\/posts\/9342","targetHints":{"allow":["GET"]}}],"collection":[{"href":"http:\/\/fmdelpueblo.ar\/index.php?rest_route=\/wp\/v2\/posts"}],"about":[{"href":"http:\/\/fmdelpueblo.ar\/index.php?rest_route=\/wp\/v2\/types\/post"}],"replies":[{"embeddable":true,"href":"http:\/\/fmdelpueblo.ar\/index.php?rest_route=%2Fwp%2Fv2%2Fcomments&post=9342"}],"version-history":[{"count":0,"href":"http:\/\/fmdelpueblo.ar\/index.php?rest_route=\/wp\/v2\/posts\/9342\/revisions"}],"wp:attachment":[{"href":"http:\/\/fmdelpueblo.ar\/index.php?rest_route=%2Fwp%2Fv2%2Fmedia&parent=9342"}],"wp:term":[{"taxonomy":"category","embeddable":true,"href":"http:\/\/fmdelpueblo.ar\/index.php?rest_route=%2Fwp%2Fv2%2Fcategories&post=9342"},{"taxonomy":"post_tag","embeddable":true,"href":"http:\/\/fmdelpueblo.ar\/index.php?rest_route=%2Fwp%2Fv2%2Ftags&post=9342"}],"curies":[{"name":"wp","href":"https:\/\/api.w.org\/{rel}","templated":true}]}}